{"id":5177,"date":"2023-08-17T18:36:27","date_gmt":"2023-08-17T21:36:27","guid":{"rendered":"https:\/\/blog.correios.com.br\/acordocoletivo\/?p=5177"},"modified":"2023-08-17T18:36:27","modified_gmt":"2023-08-17T21:36:27","slug":"empresa-apresenta-proposta-de-reajuste-de-salarios-e-beneficios-em-reuniao-do-act","status":"publish","type":"post","link":"https:\/\/blog.correios.com.br\/acordocoletivo\/?p=5177","title":{"rendered":"Empresa apresenta proposta de reajuste de sal\u00e1rios e benef\u00edcios em reuni\u00e3o do ACT"},"content":{"rendered":"\n<p>Os Correios apresentaram nesta quinta-feira (17) a proposta de reajuste de sal\u00e1rios e benef\u00edcios para o Acordo Coletivo de Trabalho 2023-2025, em reuni\u00e3o com a comiss\u00e3o de negocia\u00e7\u00e3o das federa\u00e7\u00f5es de representa\u00e7\u00e3o das empregadas e empregados.<\/p>\n\n\n\n<p>A empresa concentrou seus esfor\u00e7os&nbsp;em&nbsp;pontos&nbsp;que foram apresentados como priorit\u00e1rios pelas federa\u00e7\u00f5es desde o in\u00edcio das negocia\u00e7\u00f5es: o reajuste de sal\u00e1rio e dos vales alimenta\u00e7\u00e3o e refei\u00e7\u00e3o e a revis\u00e3o no plano de sa\u00fade.<\/p>\n\n\n\n<p>Como a diretoria executiva vem divulgando, a empresa est\u00e1 executando um plano de a\u00e7\u00f5es estrat\u00e9gicas para a recupera\u00e7\u00e3o da sustentabilidade da estatal e a expectativa \u00e9 passar a ter resultado financeiro positivo em 2024 \u2013 por isso a proposta \u00e9 de um acordo bianual&nbsp;com reflexos no sal\u00e1rio a partir de janeiro\/2024.<\/p>\n\n\n\n<p><strong>Cl\u00e1usulas econ\u00f4mico-financeiras&nbsp;<\/strong><\/p>\n\n\n\n<p>A empresa prop\u00f5e um reajuste de 90% do INPC \u2013 o que equivale a 3,18% reajuste nos benef\u00edcios (a partir de agosto de 2023) e sal\u00e1rios (a partir de janeiro de 2024). A proposta leva em conta que os Correios, assim como o Brasil, vivem um momento de reconstru\u00e7\u00e3o, ap\u00f3s a quase privatiza\u00e7\u00e3o&nbsp;pelo governo&nbsp;anterior e o fechamento do balan\u00e7o financeiro de 2022 com R$ 800 milh\u00f5es de preju\u00edzo.&nbsp;<\/p>\n\n\n\n<p><strong>Cl\u00e1usulas de sa\u00fade&nbsp;<\/strong><\/p>\n\n\n\n<p>Em rela\u00e7\u00e3o \u00e0s cl\u00e1usulas de sa\u00fade, a empresa apresentou proposta que visa trazer justi\u00e7a e equil\u00edbrio no que se refere \u00e0 mensalidade: quem ganha menos, pagar\u00e1 menos.&nbsp;<\/p>\n\n\n\n<p>Al\u00e9m disso, os Correios est\u00e3o propondo a redu\u00e7\u00e3o da coparticipa\u00e7\u00e3o dos 30% atuais para 25%.&nbsp;<\/p>\n\n\n\n<p>A proposta prev\u00ea ainda a isen\u00e7\u00e3o da coparticipa\u00e7\u00e3o no caso de tratamentos como quimioterapia, radioterapia, hemodi\u00e1lise e&nbsp;<em>homecare&nbsp;<\/em>com&nbsp;perd\u00e3o de d\u00edvidas&nbsp;anteriores.&nbsp;<\/p>\n\n\n\n<p>A empresa tamb\u00e9m se disp\u00f5e a aumentar sua participa\u00e7\u00e3o no custeio e reduzir a participa\u00e7\u00e3o do empregado na mensalidade, nos casos de remunera\u00e7\u00e3o at\u00e9 R$ 5 mil.<\/p>\n\n\n\n<figure class=\"wp-block-table\"><table><tbody><tr><td><strong>MELHORIAS&nbsp;<\/strong><\/td><td><strong>ATUAL&nbsp;<\/strong><\/td><td><strong>PROPOSTA&nbsp;<\/strong><\/td><\/tr><tr><td>Custeio de mensalidade (remunera\u00e7\u00e3o at\u00e9 R$ 5 mil)&nbsp;<\/td><td>50%&nbsp;<\/td><td>40%&nbsp;<\/td><\/tr><tr><td>Custeio de mensalidade (remunera\u00e7\u00e3o maior que R$ 5 mil)&nbsp;<\/td><td>50%&nbsp;<\/td><td>55%&nbsp;<\/td><\/tr><tr><td>Coparticipa\u00e7\u00e3o de todos(as) os(as) empregados&nbsp;<\/td><td>30%&nbsp;<\/td><td>25%&nbsp;<\/td><\/tr><\/tbody><\/table><\/figure>\n\n\n\n<p>Com as modifica\u00e7\u00f5es propostas pela empresa no Plano de Sa\u00fade, estima-se que o custeio para a empresa ser\u00e1 de 61,87% e, para empregadas e empregados, de 38,13%. Para quem est\u00e1 na faixa salarial at\u00e9 R$ 5 mil, haver\u00e1 uma diminui\u00e7\u00e3o na cobran\u00e7a na mensalidade que varia em m\u00e9dia entre R$ 23,01 e R$ 66,91.&nbsp;<\/p>\n\n\n\n<p>Ainda em rela\u00e7\u00e3o ao Plano de Sa\u00fade, a empresa prop\u00f4s criar no pr\u00f3ximo exerc\u00edcio, o Plano Fam\u00edlia, de modo a abarcar pessoas at\u00e9 o quarto grau consangu\u00edneo.&nbsp;<\/p>\n\n\n\n<p>Os Correios atenderam uma reivindica\u00e7\u00e3o priorit\u00e1ria das federa\u00e7\u00f5es na cl\u00e1usula sobre empregado inapto para retorno ao trabalho, que foi retomada com adequa\u00e7\u00f5es: em caso de inaptid\u00e3o ser\u00e1 mantida a remunera\u00e7\u00e3o exceto com rela\u00e7\u00e3o aos benef\u00edcios concedidos aos empregados em atividade, pelo prazo&nbsp;de 90 dias contados da data de cessa\u00e7\u00e3o do benef\u00edcio. &nbsp;<\/p>\n\n\n\n<p><strong>Retorno de benef\u00edcios&nbsp;<\/strong><\/p>\n\n\n\n<p>A empresa ressaltou o retorno de cl\u00e1usulas que haviam sido extintas em gest\u00f5es anteriores e a proposi\u00e7\u00e3o de novas, o que resultou em um aumento expressivo. A proposta dos Correios praticamente dobra a quantidade de cl\u00e1usulas, que hoje s\u00e3o 37, para 73.<\/p>\n\n\n\n<p>As principais cl\u00e1usulas retomadas s\u00e3o: &nbsp;<\/p>\n\n\n\n<p>&#8211; Abono Acompanhante, com modifica\u00e7\u00f5es: aus\u00eancia remunerada de 6 dias, o que equivale a 12 turnos de trabalho, para tratamento de sa\u00fade de dependente;&nbsp;<\/p>\n\n\n\n<p>&#8211; Aux\u00edlio para Dependentes com Defici\u00eancia:&nbsp;at\u00e9&nbsp;R$ 986,56&nbsp;(e extra teto at\u00e9 R$&nbsp;2.959,67)&nbsp;&#8211; Valores atualizados em 3,18%.&nbsp;<\/p>\n\n\n\n<p>&#8211; Reembolso Creche e Reembolso Bab\u00e1: reembolso de R$&nbsp;684,18&nbsp;at\u00e9 o s\u00e9timo anivers\u00e1rio&nbsp;&#8211; Valores atualizados em 3,18%.&nbsp;<\/p>\n\n\n\n<p>&#8211; Adiantamento de F\u00e9rias, com adequa\u00e7\u00e3o: restitui\u00e7\u00e3o debitada em contracheque, podendo ser dividida em at\u00e9 tr\u00eas parcelas mensais, sucessivas e sem reajuste, no m\u00eas subsequente.&nbsp;&nbsp;&nbsp;<\/p>\n\n\n\n<p>&#8211; Antecipa\u00e7\u00e3o de 50% de gratifica\u00e7\u00e3o natalina: 25% em mar\u00e7o, 25% em junho; ou 50% f\u00e9rias e o restante em 50% em dezembro. &nbsp;<\/p>\n\n\n\n<p>&#8211; Gratifica\u00e7\u00e3o de Quebra de Caixa para empregadas e empregados em ag\u00eancias.&nbsp;<\/p>\n\n\n\n<p>&#8211; Pagamento Sal\u00e1rio,&nbsp;no qual ser\u00e3o pagos no \u00faltimo dia \u00fatil banc\u00e1rio do m\u00eas trabalhado. &nbsp;<\/p>\n\n\n\n<p>&#8211;&nbsp;entre outras j\u00e1 apresentadas anteriormente.<\/p>\n\n\n\n<p><strong>Pr\u00f3ximos passos&nbsp;<\/strong><\/p>\n\n\n\n<p>As federa\u00e7\u00f5es ir\u00e3o levar as propostas para avalia\u00e7\u00e3o nas assembleias e t\u00eam at\u00e9 o dia 29 de agosto para informar a empresa sobre a aceita\u00e7\u00e3o ou n\u00e3o. &nbsp;<\/p>\n\n\n\n<p>Os Correios reafirmam sua disposi\u00e7\u00e3o para o di\u00e1logo de forma a obter um acordo coletivo justo para todas as partes: empregados, empresa e sociedade.<\/p>\n","protected":false},"excerpt":{"rendered":"<p>Os Correios apresentaram nesta quinta-feira (17) a proposta de reajuste de sal\u00e1rios e benef\u00edcios para o Acordo Coletivo de Trabalho 2023-2025, em reuni\u00e3o com a comiss\u00e3o de negocia\u00e7\u00e3o das federa\u00e7\u00f5es de representa\u00e7\u00e3o das empregadas e empregados. A empresa concentrou seus &hellip; <a href=\"https:\/\/blog.correios.com.br\/acordocoletivo\/?p=5177\">Continue lendo <span class=\"meta-nav\">&rarr;<\/span><\/a><\/p>\n","protected":false},"author":44,"featured_media":0,"comment_status":"closed","ping_status":"open","sticky":false,"template":"","format":"standard","meta":{"footnotes":""},"categories":[29],"tags":[],"class_list":["post-5177","post","type-post","status-publish","format-standard","hentry","category-negociacao-permanente"],"_links":{"self":[{"href":"https:\/\/blog.correios.com.br\/acordocoletivo\/index.php?rest_route=\/wp\/v2\/posts\/5177","targetHints":{"allow":["GET"]}}],"collection":[{"href":"https:\/\/blog.correios.com.br\/acordocoletivo\/index.php?rest_route=\/wp\/v2\/posts"}],"about":[{"href":"https:\/\/blog.correios.com.br\/acordocoletivo\/index.php?rest_route=\/wp\/v2\/types\/post"}],"author":[{"embeddable":true,"href":"https:\/\/blog.correios.com.br\/acordocoletivo\/index.php?rest_route=\/wp\/v2\/users\/44"}],"replies":[{"embeddable":true,"href":"https:\/\/blog.correios.com.br\/acordocoletivo\/index.php?rest_route=%2Fwp%2Fv2%2Fcomments&post=5177"}],"version-history":[{"count":1,"href":"https:\/\/blog.correios.com.br\/acordocoletivo\/index.php?rest_route=\/wp\/v2\/posts\/5177\/revisions"}],"predecessor-version":[{"id":5178,"href":"https:\/\/blog.correios.com.br\/acordocoletivo\/index.php?rest_route=\/wp\/v2\/posts\/5177\/revisions\/5178"}],"wp:attachment":[{"href":"https:\/\/blog.correios.com.br\/acordocoletivo\/index.php?rest_route=%2Fwp%2Fv2%2Fmedia&parent=5177"}],"wp:term":[{"taxonomy":"category","embeddable":true,"href":"https:\/\/blog.correios.com.br\/acordocoletivo\/index.php?rest_route=%2Fwp%2Fv2%2Fcategories&post=5177"},{"taxonomy":"post_tag","embeddable":true,"href":"https:\/\/blog.correios.com.br\/acordocoletivo\/index.php?rest_route=%2Fwp%2Fv2%2Ftags&post=5177"}],"curies":[{"name":"wp","href":"https:\/\/api.w.org\/{rel}","templated":true}]}}