{"id":5212,"date":"2023-09-28T09:59:07","date_gmt":"2023-09-28T12:59:07","guid":{"rendered":"https:\/\/blog.correios.com.br\/acordocoletivo\/?p=5212"},"modified":"2023-09-28T09:59:07","modified_gmt":"2023-09-28T12:59:07","slug":"empresa-assina-acordo-coletivo-com-trabalhadoras-e-trabalhadores","status":"publish","type":"post","link":"https:\/\/blog.correios.com.br\/acordocoletivo\/?p=5212","title":{"rendered":"Empresa assina acordo coletivo com trabalhadoras e trabalhadores"},"content":{"rendered":"\n<p><\/p>\n\n\n\n<p>Nesta quarta-feira (27), os Correios assinaram o acordo coletivo de trabalho 2023\/2024 com a Fentect. A proposta de acordo apresentada em mesa de negocia\u00e7\u00e3o no dia 14 de setembro e encaminhada \u00e0s duas federa\u00e7\u00f5es para aprova\u00e7\u00e3o em assembleias foi a melhor poss\u00edvel e teve ampla aceita\u00e7\u00e3o por parte das trabalhadoras e dos trabalhadores.<\/p>\n\n\n\n<p>O presidente da empresa, Fabiano Silva dos Santos, destacou que a assinatura do acordo coletivo \u00e9 hist\u00f3rica e agradeceu \u00e0 fam\u00edlia Correios pela conquista. \u201cResgatamos 41 cl\u00e1usulas que haviam sido tiradas dos trabalhadores. Vamos continuar com o di\u00e1logo. O processo de negocia\u00e7\u00e3o \u00e9 permanente e seguiremos esse caminho\u201d, disse.<\/p>\n\n\n\n<figure class=\"wp-block-image size-large\"><a href=\"https:\/\/blog.correios.com.br\/acordocoletivo\/wp-content\/uploads\/2023\/09\/ed_acordo_1.jpg\"><img loading=\"lazy\" decoding=\"async\" width=\"1024\" height=\"482\" src=\"https:\/\/blog.correios.com.br\/acordocoletivo\/wp-content\/uploads\/2023\/09\/ed_acordo_1-1024x482.jpg\" alt=\"\" class=\"wp-image-5213\" srcset=\"https:\/\/blog.correios.com.br\/acordocoletivo\/wp-content\/uploads\/2023\/09\/ed_acordo_1-1024x482.jpg 1024w, https:\/\/blog.correios.com.br\/acordocoletivo\/wp-content\/uploads\/2023\/09\/ed_acordo_1-300x141.jpg 300w, https:\/\/blog.correios.com.br\/acordocoletivo\/wp-content\/uploads\/2023\/09\/ed_acordo_1-768x362.jpg 768w, https:\/\/blog.correios.com.br\/acordocoletivo\/wp-content\/uploads\/2023\/09\/ed_acordo_1-1536x723.jpg 1536w, https:\/\/blog.correios.com.br\/acordocoletivo\/wp-content\/uploads\/2023\/09\/ed_acordo_1-2048x964.jpg 2048w\" sizes=\"auto, (max-width: 1024px) 100vw, 1024px\" \/><\/a><\/figure>\n\n\n\n<p>O secret\u00e1rio-geral da Fentect, Emerson Marinho, afirmou n\u00e3o se lembrar de um acordo coletivo de trabalho t\u00e3o robusto. Ele agradeceu o trabalho das comiss\u00f5es de negocia\u00e7\u00e3o da empresa e da federa\u00e7\u00e3o e a abertura ao di\u00e1logo do presidente da estatal. \u201cEsse \u00e9 um dia de festa. \u00c9 uma conquista n\u00e3o s\u00f3 do comando de negocia\u00e7\u00e3o, mas de todas as trabalhadoras e de todos os trabalhadores dos Correios\u201d, disse.<\/p>\n\n\n\n<p><strong>Benef\u00edcios e conquistas<\/strong> &#8211; O aumento linear de R$ 250 para quem tem remunera\u00e7\u00e3o at\u00e9 R$ 7 mil equivale a um aumento m\u00e9dio de 6,36% para mais de 71 mil empregados (83% do efetivo), a partir de janeiro de 2024. E, para parte do efetivo, representa um aumento de 12%.<\/p>\n\n\n\n<p>Trata-se de um acordo hist\u00f3rico, resultado de di\u00e1logo, e que promove o resgaste dos benef\u00edcios que haviam sido retirados pela gest\u00e3o anterior.<\/p>\n\n\n\n<p>S\u00e3o 78 cl\u00e1usulas, mais que o dobro do que constava no ACT 2022\/2023.<\/p>\n\n\n\n<p>Entre os benef\u00edcios recuperados est\u00e3o o reembolso creche\/bab\u00e1, o parcelamento do adiantamento do sal\u00e1rio nas f\u00e9rias e a manuten\u00e7\u00e3o do pagamento e do ticket no caso de afastamento pelo INSS, por exemplo.<\/p>\n\n\n\n<figure class=\"wp-block-image size-large is-resized\"><a href=\"https:\/\/blog.correios.com.br\/acordocoletivo\/wp-content\/uploads\/2023\/09\/ed_acordo_2.jpg\"><img loading=\"lazy\" decoding=\"async\" src=\"https:\/\/blog.correios.com.br\/acordocoletivo\/wp-content\/uploads\/2023\/09\/ed_acordo_2-900x1024.jpg\" alt=\"\" class=\"wp-image-5214\" style=\"width:486px;height:554px\" width=\"486\" height=\"554\" srcset=\"https:\/\/blog.correios.com.br\/acordocoletivo\/wp-content\/uploads\/2023\/09\/ed_acordo_2-900x1024.jpg 900w, https:\/\/blog.correios.com.br\/acordocoletivo\/wp-content\/uploads\/2023\/09\/ed_acordo_2-264x300.jpg 264w, https:\/\/blog.correios.com.br\/acordocoletivo\/wp-content\/uploads\/2023\/09\/ed_acordo_2-768x874.jpg 768w, https:\/\/blog.correios.com.br\/acordocoletivo\/wp-content\/uploads\/2023\/09\/ed_acordo_2-1349x1536.jpg 1349w, https:\/\/blog.correios.com.br\/acordocoletivo\/wp-content\/uploads\/2023\/09\/ed_acordo_2.jpg 1800w\" sizes=\"auto, (max-width: 486px) 100vw, 486px\" \/><\/a><\/figure>\n\n\n\n<p>O fato da proposta ter sido aprovada pela quase unanimidade dos sindicatos de todo o Brasil comprova que o processo de negocia\u00e7\u00e3o foi transparente, respeitoso e baseado no protagonismo das trabalhadoras e dos trabalhadores dos Correios.<\/p>\n\n\n\n<p>Eventuais avan\u00e7os poder\u00e3o ser debatidos no processo permanente de negocia\u00e7\u00e3o e implementados por meio de termos de acordo.<\/p>\n","protected":false},"excerpt":{"rendered":"<p>Nesta quarta-feira (27), os Correios assinaram o acordo coletivo de trabalho 2023\/2024 com a Fentect. A proposta de acordo apresentada em mesa de negocia\u00e7\u00e3o no dia 14 de setembro e encaminhada \u00e0s duas federa\u00e7\u00f5es para aprova\u00e7\u00e3o em assembleias foi a &hellip; <a href=\"https:\/\/blog.correios.com.br\/acordocoletivo\/?p=5212\">Continue lendo <span class=\"meta-nav\">&rarr;<\/span><\/a><\/p>\n","protected":false},"author":44,"featured_media":0,"comment_status":"closed","ping_status":"open","sticky":false,"template":"","format":"standard","meta":{"footnotes":""},"categories":[29],"tags":[],"class_list":["post-5212","post","type-post","status-publish","format-standard","hentry","category-negociacao-permanente"],"_links":{"self":[{"href":"https:\/\/blog.correios.com.br\/acordocoletivo\/index.php?rest_route=\/wp\/v2\/posts\/5212","targetHints":{"allow":["GET"]}}],"collection":[{"href":"https:\/\/blog.correios.com.br\/acordocoletivo\/index.php?rest_route=\/wp\/v2\/posts"}],"about":[{"href":"https:\/\/blog.correios.com.br\/acordocoletivo\/index.php?rest_route=\/wp\/v2\/types\/post"}],"author":[{"embeddable":true,"href":"https:\/\/blog.correios.com.br\/acordocoletivo\/index.php?rest_route=\/wp\/v2\/users\/44"}],"replies":[{"embeddable":true,"href":"https:\/\/blog.correios.com.br\/acordocoletivo\/index.php?rest_route=%2Fwp%2Fv2%2Fcomments&post=5212"}],"version-history":[{"count":1,"href":"https:\/\/blog.correios.com.br\/acordocoletivo\/index.php?rest_route=\/wp\/v2\/posts\/5212\/revisions"}],"predecessor-version":[{"id":5215,"href":"https:\/\/blog.correios.com.br\/acordocoletivo\/index.php?rest_route=\/wp\/v2\/posts\/5212\/revisions\/5215"}],"wp:attachment":[{"href":"https:\/\/blog.correios.com.br\/acordocoletivo\/index.php?rest_route=%2Fwp%2Fv2%2Fmedia&parent=5212"}],"wp:term":[{"taxonomy":"category","embeddable":true,"href":"https:\/\/blog.correios.com.br\/acordocoletivo\/index.php?rest_route=%2Fwp%2Fv2%2Fcategories&post=5212"},{"taxonomy":"post_tag","embeddable":true,"href":"https:\/\/blog.correios.com.br\/acordocoletivo\/index.php?rest_route=%2Fwp%2Fv2%2Ftags&post=5212"}],"curies":[{"name":"wp","href":"https:\/\/api.w.org\/{rel}","templated":true}]}}