{"id":5267,"date":"2024-07-02T22:07:57","date_gmt":"2024-07-03T01:07:57","guid":{"rendered":"https:\/\/blog.correios.com.br\/acordocoletivo\/?p=5267"},"modified":"2024-08-07T18:27:55","modified_gmt":"2024-08-07T21:27:55","slug":"negociacao-do-acordo-coletivo-de-trabalho-tem-inicio-com-definicao-de-calendario","status":"publish","type":"post","link":"https:\/\/blog.correios.com.br\/acordocoletivo\/?p=5267","title":{"rendered":"Negocia\u00e7\u00e3o do Acordo Coletivo de Trabalho tem in\u00edcio com defini\u00e7\u00e3o de calend\u00e1rio"},"content":{"rendered":"\n<p>Os Correios deram in\u00edcio nesta ter\u00e7a-feira (2) \u00e0 negocia\u00e7\u00e3o do Acordo Coletivo de Trabalho 2024-2025 com as representa\u00e7\u00f5es de empregadas e empregados.<\/p>\n\n\n\n<p>A negocia\u00e7\u00e3o foi aberta pelo Diretor de Gest\u00e3o de Pessoas, Getulio Marques Ferreira, que destacou os avan\u00e7os que foram obtidos na negocia\u00e7\u00e3o do Acordo Coletivo de Trabalho 2023-2024.<\/p>\n\n\n\n<p>\u201cMuita coisa avan\u00e7ou nesse ano no Brasil e dentro da empresa\u201d, disse o DIGEP, ressaltando que mais de 40 cl\u00e1usulas que haviam sido extintas do acordo de trabalho durante o governo anterior foram resgatadas pela atual gest\u00e3o j\u00e1 no primeiro ano de atua\u00e7\u00e3o.<\/p>\n\n\n\n<p>O DIGEP destacou, ainda, que a reconquista de benef\u00edcios aconteceu mesmo em um cen\u00e1rio mundial de redu\u00e7\u00e3o de postagens e diante de um preju\u00edzo herdado de R$ 800 milh\u00f5es que foi deixado pelo governo anterior.<\/p>\n\n\n\n<p>\u201cEstamos tomando uma s\u00e9rie de medidas para recuperar a sustentabilidade da empresa, entre elas a realiza\u00e7\u00e3o de um Programa de Desligamento Volunt\u00e1rio (PDV\/2024) com um concurso p\u00fablico nacional. \u201cE a prioridade absoluta desse concurso \u00e9 a \u00e1rea operacional\u201d, afirmou.<\/p>\n\n\n\n<figure class=\"wp-block-image size-large\"><a href=\"https:\/\/blog.correios.com.br\/acordocoletivo\/wp-content\/uploads\/2024\/07\/1000067251.jpg\"><img loading=\"lazy\" decoding=\"async\" width=\"1024\" height=\"255\" src=\"https:\/\/blog.correios.com.br\/acordocoletivo\/wp-content\/uploads\/2024\/07\/1000067251-1024x255.jpg\" alt=\"\" class=\"wp-image-5268\" srcset=\"https:\/\/blog.correios.com.br\/acordocoletivo\/wp-content\/uploads\/2024\/07\/1000067251-1024x255.jpg 1024w, https:\/\/blog.correios.com.br\/acordocoletivo\/wp-content\/uploads\/2024\/07\/1000067251-300x75.jpg 300w, https:\/\/blog.correios.com.br\/acordocoletivo\/wp-content\/uploads\/2024\/07\/1000067251-768x191.jpg 768w, https:\/\/blog.correios.com.br\/acordocoletivo\/wp-content\/uploads\/2024\/07\/1000067251.jpg 1214w\" sizes=\"auto, (max-width: 1024px) 100vw, 1024px\" \/><\/a><\/figure>\n\n\n\n<p>Confira abaixo o cronograma da negocia\u00e7\u00e3o do ACT 2024-2025 fechado com as representa\u00e7\u00f5es de empregadas e empregados:<\/p>\n\n\n\n<p>03\/07\/2024 \u2013 Cl\u00e1usulas sociais<br>04\/07\/2024 \u2013 Cl\u00e1usulas sociais\/mulher<br>15\/07\/2024 &#8211; Cl\u00e1usulas sociais\/mulher<br>16\/07\/2024 \u2013 Condi\u00e7\u00f5es de trabalho<br>17\/07\/2024 \u2013 Sa\u00fade do Trabalhador<br>18\/07\/2024 \u2013 Rela\u00e7\u00f5es sindicais<br>22\/07\/2024 \u2013 Benef\u00edcios<br>23\/07\/2024 \u2013 Benef\u00edcios e disposi\u00e7\u00f5es gerais<br>24\/07\/2024 \u2013 Proposta financeira<br>25\/07\/2024 \u2013 Proposta financeira<\/p>\n","protected":false},"excerpt":{"rendered":"<p>Os Correios deram in\u00edcio nesta ter\u00e7a-feira (2) \u00e0 negocia\u00e7\u00e3o do Acordo Coletivo de Trabalho 2024-2025 com as representa\u00e7\u00f5es de empregadas e empregados. A negocia\u00e7\u00e3o foi aberta pelo Diretor de Gest\u00e3o de Pessoas, Getulio Marques Ferreira, que destacou os avan\u00e7os que &hellip; <a href=\"https:\/\/blog.correios.com.br\/acordocoletivo\/?p=5267\">Continue lendo <span class=\"meta-nav\">&rarr;<\/span><\/a><\/p>\n","protected":false},"author":44,"featured_media":0,"comment_status":"closed","ping_status":"open","sticky":false,"template":"","format":"standard","meta":{"footnotes":""},"categories":[14],"tags":[144],"class_list":["post-5267","post","type-post","status-publish","format-standard","hentry","category-acordo-coletivo","tag-act-20242025"],"_links":{"self":[{"href":"https:\/\/blog.correios.com.br\/acordocoletivo\/index.php?rest_route=\/wp\/v2\/posts\/5267","targetHints":{"allow":["GET"]}}],"collection":[{"href":"https:\/\/blog.correios.com.br\/acordocoletivo\/index.php?rest_route=\/wp\/v2\/posts"}],"about":[{"href":"https:\/\/blog.correios.com.br\/acordocoletivo\/index.php?rest_route=\/wp\/v2\/types\/post"}],"author":[{"embeddable":true,"href":"https:\/\/blog.correios.com.br\/acordocoletivo\/index.php?rest_route=\/wp\/v2\/users\/44"}],"replies":[{"embeddable":true,"href":"https:\/\/blog.correios.com.br\/acordocoletivo\/index.php?rest_route=%2Fwp%2Fv2%2Fcomments&post=5267"}],"version-history":[{"count":2,"href":"https:\/\/blog.correios.com.br\/acordocoletivo\/index.php?rest_route=\/wp\/v2\/posts\/5267\/revisions"}],"predecessor-version":[{"id":5270,"href":"https:\/\/blog.correios.com.br\/acordocoletivo\/index.php?rest_route=\/wp\/v2\/posts\/5267\/revisions\/5270"}],"wp:attachment":[{"href":"https:\/\/blog.correios.com.br\/acordocoletivo\/index.php?rest_route=%2Fwp%2Fv2%2Fmedia&parent=5267"}],"wp:term":[{"taxonomy":"category","embeddable":true,"href":"https:\/\/blog.correios.com.br\/acordocoletivo\/index.php?rest_route=%2Fwp%2Fv2%2Fcategories&post=5267"},{"taxonomy":"post_tag","embeddable":true,"href":"https:\/\/blog.correios.com.br\/acordocoletivo\/index.php?rest_route=%2Fwp%2Fv2%2Ftags&post=5267"}],"curies":[{"name":"wp","href":"https:\/\/api.w.org\/{rel}","templated":true}]}}