{"id":5271,"date":"2024-07-03T20:16:34","date_gmt":"2024-07-03T23:16:34","guid":{"rendered":"https:\/\/blog.correios.com.br\/acordocoletivo\/?p=5271"},"modified":"2024-08-07T18:28:06","modified_gmt":"2024-08-07T21:28:06","slug":"empresa-propoe-manter-conquistas-no-campo-social","status":"publish","type":"post","link":"https:\/\/blog.correios.com.br\/acordocoletivo\/?p=5271","title":{"rendered":"Empresa prop\u00f5e manter conquistas no campo social"},"content":{"rendered":"\n<p>A comiss\u00e3o de negocia\u00e7\u00e3o dos Correios iniciou nesta quarta-feira (3) a apresenta\u00e7\u00e3o das propostas relacionadas \u00e0s cl\u00e1usulas sociais, na segunda reuni\u00e3o do Acordo Coletivo de Trabalho 2024-2025. Confira abaixo!<\/p>\n\n\n\n<p>Manter os avan\u00e7os do campo social que foram inclu\u00eddos no Acordo Coletivo de Trabalho vigente pela atual gest\u00e3o, como as cl\u00e1usulas que tratam dos direitos das pessoas com defici\u00eancia, LGBTQIA+ e geracionais e da parceria com as associa\u00e7\u00f5es recreativas, \u00e9 parte da proposta que a empresa apresentou hoje \u00e0s representa\u00e7\u00f5es sindicais, referentes \u00e0s cl\u00e1usulas sociais.<\/p>\n\n\n\n<p>Essas conquistas foram inova\u00e7\u00f5es in\u00e9ditas adotadas pelos Correios no ACT, a fim de promover a equidade dentro da estatal.<\/p>\n\n\n\n<p>Al\u00e9m disso, a empresa tamb\u00e9m est\u00e1 propondo manter cl\u00e1usulas importantes como a das garantias ao empregado estudante, licen\u00e7a ado\u00e7\u00e3o, licen\u00e7a paternidade e programa habitacional.<\/p>\n\n\n<div class=\"wp-block-image\">\n<figure class=\"aligncenter size-full is-resized\"><a href=\"https:\/\/blog.correios.com.br\/acordocoletivo\/wp-content\/uploads\/2024\/07\/image.png\"><img loading=\"lazy\" decoding=\"async\" width=\"484\" height=\"426\" src=\"https:\/\/blog.correios.com.br\/acordocoletivo\/wp-content\/uploads\/2024\/07\/image.png\" alt=\"\" class=\"wp-image-5272\" style=\"width:526px;height:auto\" srcset=\"https:\/\/blog.correios.com.br\/acordocoletivo\/wp-content\/uploads\/2024\/07\/image.png 484w, https:\/\/blog.correios.com.br\/acordocoletivo\/wp-content\/uploads\/2024\/07\/image-300x264.png 300w\" sizes=\"auto, (max-width: 484px) 100vw, 484px\" \/><\/a><\/figure>\n<\/div>\n\n\n<p><strong>Resgate &#8211;<\/strong> Essas cl\u00e1usulas haviam sido retiradas do ACT durante o governo anterior e voltaram para o acordo por iniciativa da atual gest\u00e3o, que resgatou mais de 40 itens que tinham sido extintos.<\/p>\n\n\n\n<p>Outro ponto importante \u00e9 a proposta de manter a cl\u00e1usula que disp\u00f5e sobre a revis\u00e3o de processos administrativos disciplinares de empregados demitidos, de dirigentes, delegados e ativistas sindicais, por Grupo de Trabalho composto por representantes dos Correios e das representa\u00e7\u00f5es das trabalhadoras e dos trabalhadores.<\/p>\n\n\n\n<p>Na quinta-feira (4), haver\u00e1 a continuidade da negocia\u00e7\u00e3o sobre as cl\u00e1usulas sociais e sobre as mulheres que trabalham nos Correios.<\/p>\n","protected":false},"excerpt":{"rendered":"<p>A comiss\u00e3o de negocia\u00e7\u00e3o dos Correios iniciou nesta quarta-feira (3) a apresenta\u00e7\u00e3o das propostas relacionadas \u00e0s cl\u00e1usulas sociais, na segunda reuni\u00e3o do Acordo Coletivo de Trabalho 2024-2025. Confira abaixo! Manter os avan\u00e7os do campo social que foram inclu\u00eddos no Acordo &hellip; <a href=\"https:\/\/blog.correios.com.br\/acordocoletivo\/?p=5271\">Continue lendo <span class=\"meta-nav\">&rarr;<\/span><\/a><\/p>\n","protected":false},"author":44,"featured_media":0,"comment_status":"closed","ping_status":"open","sticky":false,"template":"","format":"standard","meta":{"footnotes":""},"categories":[14],"tags":[144],"class_list":["post-5271","post","type-post","status-publish","format-standard","hentry","category-acordo-coletivo","tag-act-20242025"],"_links":{"self":[{"href":"https:\/\/blog.correios.com.br\/acordocoletivo\/index.php?rest_route=\/wp\/v2\/posts\/5271","targetHints":{"allow":["GET"]}}],"collection":[{"href":"https:\/\/blog.correios.com.br\/acordocoletivo\/index.php?rest_route=\/wp\/v2\/posts"}],"about":[{"href":"https:\/\/blog.correios.com.br\/acordocoletivo\/index.php?rest_route=\/wp\/v2\/types\/post"}],"author":[{"embeddable":true,"href":"https:\/\/blog.correios.com.br\/acordocoletivo\/index.php?rest_route=\/wp\/v2\/users\/44"}],"replies":[{"embeddable":true,"href":"https:\/\/blog.correios.com.br\/acordocoletivo\/index.php?rest_route=%2Fwp%2Fv2%2Fcomments&post=5271"}],"version-history":[{"count":1,"href":"https:\/\/blog.correios.com.br\/acordocoletivo\/index.php?rest_route=\/wp\/v2\/posts\/5271\/revisions"}],"predecessor-version":[{"id":5273,"href":"https:\/\/blog.correios.com.br\/acordocoletivo\/index.php?rest_route=\/wp\/v2\/posts\/5271\/revisions\/5273"}],"wp:attachment":[{"href":"https:\/\/blog.correios.com.br\/acordocoletivo\/index.php?rest_route=%2Fwp%2Fv2%2Fmedia&parent=5271"}],"wp:term":[{"taxonomy":"category","embeddable":true,"href":"https:\/\/blog.correios.com.br\/acordocoletivo\/index.php?rest_route=%2Fwp%2Fv2%2Fcategories&post=5271"},{"taxonomy":"post_tag","embeddable":true,"href":"https:\/\/blog.correios.com.br\/acordocoletivo\/index.php?rest_route=%2Fwp%2Fv2%2Ftags&post=5271"}],"curies":[{"name":"wp","href":"https:\/\/api.w.org\/{rel}","templated":true}]}}