{"id":5277,"date":"2024-07-04T21:04:03","date_gmt":"2024-07-05T00:04:03","guid":{"rendered":"https:\/\/blog.correios.com.br\/acordocoletivo\/?p=5277"},"modified":"2024-08-07T18:28:17","modified_gmt":"2024-08-07T21:28:17","slug":"empresa-e-representacoes-sindicais-debatem-clausulas-sociais","status":"publish","type":"post","link":"https:\/\/blog.correios.com.br\/acordocoletivo\/?p=5277","title":{"rendered":"Empresa e representa\u00e7\u00f5es sindicais debatem cl\u00e1usulas sociais"},"content":{"rendered":"\n<p>Nesta quinta-feira (4), a comiss\u00e3o de negocia\u00e7\u00e3o dos Correios deu continuidade ao di\u00e1logo sobre as propostas relacionadas \u00e0s cl\u00e1usulas sociais, que tratam de diversidade, inclus\u00e3o e direitos humanos. Esta foi a terceira reuni\u00e3o de negocia\u00e7\u00e3o do Acordo Coletivo 2024-2025, fique por dentro!<\/p>\n\n\n\n<p>A empresa recebeu as propostas de melhoria das representa\u00e7\u00f5es sindicais sobre temas como enfrentamento aos ass\u00e9dios, equidade racial e enfrentamento ao racismo, direitos das pessoas LGBTQIA+ e com defici\u00eancia, direitos geracionais, garantias a empregados e empregadas estudantes, licen\u00e7a ado\u00e7\u00e3o e paternidade, programas habitacionais e parcerias com associa\u00e7\u00f5es recreativas dos Correios. A devolutiva ser\u00e1 realizada na pr\u00f3xima reuni\u00e3o, no dia 15.<\/p>\n\n\n\n<p>O campo social sofreu um retrocesso nos Correios no governo anterior, com a extin\u00e7\u00e3o de diversas cl\u00e1usulas relacionadas ao tema, dentro do processo de privatiza\u00e7\u00e3o da estatal que estava em andamento.<\/p>\n\n\n\n<p>Com a retirada da empresa da lista de privatiza\u00e7\u00f5es pelo presidente Luiz In\u00e1cio Lula da Silva e a reabertura para o di\u00e1logo com os trabalhadores pela atual gest\u00e3o, mais de 40 cl\u00e1usulas do ACT foram resgatadas.<\/p>\n\n\n<div class=\"wp-block-image\">\n<figure class=\"aligncenter size-full\"><a href=\"https:\/\/blog.correios.com.br\/acordocoletivo\/wp-content\/uploads\/2024\/07\/1000068067.jpg\"><img loading=\"lazy\" decoding=\"async\" width=\"534\" height=\"799\" src=\"https:\/\/blog.correios.com.br\/acordocoletivo\/wp-content\/uploads\/2024\/07\/1000068067.jpg\" alt=\"\" class=\"wp-image-5278\" srcset=\"https:\/\/blog.correios.com.br\/acordocoletivo\/wp-content\/uploads\/2024\/07\/1000068067.jpg 534w, https:\/\/blog.correios.com.br\/acordocoletivo\/wp-content\/uploads\/2024\/07\/1000068067-201x300.jpg 201w\" sizes=\"auto, (max-width: 534px) 100vw, 534px\" \/><\/a><\/figure>\n<\/div>\n\n\n<p>Entre as conquistas est\u00e3o as das mulheres que trabalham nos Correios, que ser\u00e3o tema da pr\u00f3xima reuni\u00e3o, como o retorno da licen\u00e7a-maternidade de 6 meses; a amplia\u00e7\u00e3o do hor\u00e1rio especial de amamenta\u00e7\u00e3o e a cl\u00e1usula para pagamento de reembolso-creche ou o aux\u00edlio-bab\u00e1 at\u00e9 o final do s\u00e9timo ano de vida dos seus dependentes.<\/p>\n\n\n\n<p><em>Confira o calend\u00e1rio das pr\u00f3ximas reuni\u00f5es<\/em>:<\/p>\n\n\n\n<p>15\/07\/2024 \u2013 Cl\u00e1usulas sociais\/mulher<br>16\/07\/2024 \u2013 Condi\u00e7\u00f5es de trabalho<br>17\/07\/2024 \u2013 Sa\u00fade do Trabalhador<br>18\/07\/2024 \u2013 Rela\u00e7\u00f5es sindicais<br>22\/07\/2024 \u2013 Benef\u00edcios<br>23\/07\/2024 \u2013 Benef\u00edcios e disposi\u00e7\u00f5es gerais<br>24\/07\/2024 \u2013 Proposta financeira<br>25\/07\/2024 \u2013 Proposta financeira<\/p>\n","protected":false},"excerpt":{"rendered":"<p>Nesta quinta-feira (4), a comiss\u00e3o de negocia\u00e7\u00e3o dos Correios deu continuidade ao di\u00e1logo sobre as propostas relacionadas \u00e0s cl\u00e1usulas sociais, que tratam de diversidade, inclus\u00e3o e direitos humanos. Esta foi a terceira reuni\u00e3o de negocia\u00e7\u00e3o do Acordo Coletivo 2024-2025, fique &hellip; <a href=\"https:\/\/blog.correios.com.br\/acordocoletivo\/?p=5277\">Continue lendo <span class=\"meta-nav\">&rarr;<\/span><\/a><\/p>\n","protected":false},"author":44,"featured_media":0,"comment_status":"closed","ping_status":"open","sticky":false,"template":"","format":"standard","meta":{"footnotes":""},"categories":[14],"tags":[144],"class_list":["post-5277","post","type-post","status-publish","format-standard","hentry","category-acordo-coletivo","tag-act-20242025"],"_links":{"self":[{"href":"https:\/\/blog.correios.com.br\/acordocoletivo\/index.php?rest_route=\/wp\/v2\/posts\/5277","targetHints":{"allow":["GET"]}}],"collection":[{"href":"https:\/\/blog.correios.com.br\/acordocoletivo\/index.php?rest_route=\/wp\/v2\/posts"}],"about":[{"href":"https:\/\/blog.correios.com.br\/acordocoletivo\/index.php?rest_route=\/wp\/v2\/types\/post"}],"author":[{"embeddable":true,"href":"https:\/\/blog.correios.com.br\/acordocoletivo\/index.php?rest_route=\/wp\/v2\/users\/44"}],"replies":[{"embeddable":true,"href":"https:\/\/blog.correios.com.br\/acordocoletivo\/index.php?rest_route=%2Fwp%2Fv2%2Fcomments&post=5277"}],"version-history":[{"count":1,"href":"https:\/\/blog.correios.com.br\/acordocoletivo\/index.php?rest_route=\/wp\/v2\/posts\/5277\/revisions"}],"predecessor-version":[{"id":5279,"href":"https:\/\/blog.correios.com.br\/acordocoletivo\/index.php?rest_route=\/wp\/v2\/posts\/5277\/revisions\/5279"}],"wp:attachment":[{"href":"https:\/\/blog.correios.com.br\/acordocoletivo\/index.php?rest_route=%2Fwp%2Fv2%2Fmedia&parent=5277"}],"wp:term":[{"taxonomy":"category","embeddable":true,"href":"https:\/\/blog.correios.com.br\/acordocoletivo\/index.php?rest_route=%2Fwp%2Fv2%2Fcategories&post=5277"},{"taxonomy":"post_tag","embeddable":true,"href":"https:\/\/blog.correios.com.br\/acordocoletivo\/index.php?rest_route=%2Fwp%2Fv2%2Ftags&post=5277"}],"curies":[{"name":"wp","href":"https:\/\/api.w.org\/{rel}","templated":true}]}}