{"id":5286,"date":"2024-07-16T20:36:41","date_gmt":"2024-07-16T23:36:41","guid":{"rendered":"https:\/\/blog.correios.com.br\/acordocoletivo\/?p=5286"},"modified":"2024-08-07T18:28:40","modified_gmt":"2024-08-07T21:28:40","slug":"negociacoes-sobre-garantias-das-mulheres-avancam","status":"publish","type":"post","link":"https:\/\/blog.correios.com.br\/acordocoletivo\/?p=5286","title":{"rendered":"Negocia\u00e7\u00f5es sobre garantias das mulheres avan\u00e7am"},"content":{"rendered":"\n<p>A quinta reuni\u00e3o de negocia\u00e7\u00e3o do Acordo Coletivo 2024-2025, realizada nesta ter\u00e7a-feira (16), deu continuidade \u00e0 an\u00e1lise das cl\u00e1usulas sociais relativas \u00e0s garantias das mulheres na empresa. O debate se concentrou nos temas relativos \u00e0 manuten\u00e7\u00e3o e fortalecimento dos grupos de trabalho de igualdade de g\u00eanero, respeito \u00e0 diversidade e enfrentamento aos ass\u00e9dios; e nos avan\u00e7os nas garantias de g\u00eanero nos processos seletivos e cargos de gest\u00e3o.<\/p>\n\n\n\n<p><strong>Propostas de melhorias<\/strong><\/p>\n\n\n\n<p>Hoje, os Correios apresentaram tamb\u00e9m a devolutiva sobre as propostas da empresa para avan\u00e7o nas 13 primeiras cl\u00e1usulas sociais. Confira!<\/p>\n\n\n\n<ul class=\"wp-block-list\">\n<li>&#8211; Manuten\u00e7\u00e3o do GT que trata de quest\u00f5es de anistia;<\/li>\n\n\n\n<li>&#8211; Acesso \u00e0s pessoas anistiadas e anistiandas \u00e0 evolu\u00e7\u00e3o salarial destes, ficha cadastral antiga e atual e c\u00f3pia de todas as puni\u00e7\u00f5es que constem registradas;<\/li>\n\n\n\n<li>&#8211; Atendimento psicossocial para as v\u00edtimas de ass\u00e9dio, havendo ou n\u00e3o comprova\u00e7\u00e3o da den\u00fancia;<\/li>\n\n\n\n<li>&#8211; Busca de paridade de g\u00eanero na constitui\u00e7\u00e3o do grupo de trabalho tem\u00e1tico de enfrentamento aos ass\u00e9dios;<\/li>\n\n\n\n<li>&#8211; Capacita\u00e7\u00e3o, a ser desenvolvida pela \u00e1rea de educa\u00e7\u00e3o corporativa, como pr\u00e9-requisito para designa\u00e7\u00e3o em fun\u00e7\u00f5es t\u00e9cnicas de gest\u00e3o;<\/li>\n\n\n\n<li>&#8211; Disponibiliza\u00e7\u00e3o de link externo para acesso ao Canal de Den\u00fancias no app Sou Correios;<\/li>\n\n\n\n<li>&#8211; Garantia de vagas para mulheres (40%), negras e negros (30%) e empregadas e empregados da \u00e1rea operacional (20%) em todas as capacita\u00e7\u00f5es contratadas pelos Correios;<\/li>\n\n\n\n<li>&#8211; Elabora\u00e7\u00e3o de capacita\u00e7\u00e3o em letramento racial, para enfrentar o racismo e promover a equidade;<\/li>\n\n\n\n<li>&#8211; Promo\u00e7\u00e3o de uma cultura de respeito \u00e0s pessoas com defici\u00eancia, inclusive com planos de trabalho adequados \u00e0s condi\u00e7\u00f5es f\u00edsicas de cada empregada e empregado;<\/li>\n\n\n\n<li>&#8211; Concess\u00e3o de dois dias \u00e0s empregadas e aos empregados estudantes para elabora\u00e7\u00e3o de trabalho final de gradua\u00e7\u00e3o e p\u00f3s-gradua\u00e7\u00e3o, sem preju\u00edzo em sua remunera\u00e7\u00e3o;<\/li>\n\n\n\n<li>&#8211; Concess\u00e3o de licen\u00e7a de 120 dias em caso de ado\u00e7\u00e3o ou guarda judicial de crian\u00e7a at\u00e9 14 anos;<\/li>\n\n\n\n<li>&#8211; Concess\u00e3o de 22 dias de licen\u00e7a paternidade para o empregado, a partir do nascimento da crian\u00e7a.<\/li>\n<\/ul>\n\n\n\n<figure class=\"wp-block-image size-full\"><a href=\"https:\/\/blog.correios.com.br\/acordocoletivo\/wp-content\/uploads\/2024\/07\/1000072869.jpg\"><img loading=\"lazy\" decoding=\"async\" width=\"492\" height=\"322\" src=\"https:\/\/blog.correios.com.br\/acordocoletivo\/wp-content\/uploads\/2024\/07\/1000072869.jpg\" alt=\"\" class=\"wp-image-5287\" srcset=\"https:\/\/blog.correios.com.br\/acordocoletivo\/wp-content\/uploads\/2024\/07\/1000072869.jpg 492w, https:\/\/blog.correios.com.br\/acordocoletivo\/wp-content\/uploads\/2024\/07\/1000072869-300x196.jpg 300w\" sizes=\"auto, (max-width: 492px) 100vw, 492px\" \/><\/a><\/figure>\n\n\n\n<p>Amanh\u00e3 (17) ser\u00e3o analisadas as cl\u00e1usulas referentes \u00e0s condi\u00e7\u00f5es de trabalho.<\/p>\n\n\n\n<p>Continue acompanhando!<\/p>\n","protected":false},"excerpt":{"rendered":"<p>A quinta reuni\u00e3o de negocia\u00e7\u00e3o do Acordo Coletivo 2024-2025, realizada nesta ter\u00e7a-feira (16), deu continuidade \u00e0 an\u00e1lise das cl\u00e1usulas sociais relativas \u00e0s garantias das mulheres na empresa. O debate se concentrou nos temas relativos \u00e0 manuten\u00e7\u00e3o e fortalecimento dos grupos &hellip; <a href=\"https:\/\/blog.correios.com.br\/acordocoletivo\/?p=5286\">Continue lendo <span class=\"meta-nav\">&rarr;<\/span><\/a><\/p>\n","protected":false},"author":44,"featured_media":0,"comment_status":"closed","ping_status":"open","sticky":false,"template":"","format":"standard","meta":{"footnotes":""},"categories":[14],"tags":[144],"class_list":["post-5286","post","type-post","status-publish","format-standard","hentry","category-acordo-coletivo","tag-act-20242025"],"_links":{"self":[{"href":"https:\/\/blog.correios.com.br\/acordocoletivo\/index.php?rest_route=\/wp\/v2\/posts\/5286","targetHints":{"allow":["GET"]}}],"collection":[{"href":"https:\/\/blog.correios.com.br\/acordocoletivo\/index.php?rest_route=\/wp\/v2\/posts"}],"about":[{"href":"https:\/\/blog.correios.com.br\/acordocoletivo\/index.php?rest_route=\/wp\/v2\/types\/post"}],"author":[{"embeddable":true,"href":"https:\/\/blog.correios.com.br\/acordocoletivo\/index.php?rest_route=\/wp\/v2\/users\/44"}],"replies":[{"embeddable":true,"href":"https:\/\/blog.correios.com.br\/acordocoletivo\/index.php?rest_route=%2Fwp%2Fv2%2Fcomments&post=5286"}],"version-history":[{"count":1,"href":"https:\/\/blog.correios.com.br\/acordocoletivo\/index.php?rest_route=\/wp\/v2\/posts\/5286\/revisions"}],"predecessor-version":[{"id":5288,"href":"https:\/\/blog.correios.com.br\/acordocoletivo\/index.php?rest_route=\/wp\/v2\/posts\/5286\/revisions\/5288"}],"wp:attachment":[{"href":"https:\/\/blog.correios.com.br\/acordocoletivo\/index.php?rest_route=%2Fwp%2Fv2%2Fmedia&parent=5286"}],"wp:term":[{"taxonomy":"category","embeddable":true,"href":"https:\/\/blog.correios.com.br\/acordocoletivo\/index.php?rest_route=%2Fwp%2Fv2%2Fcategories&post=5286"},{"taxonomy":"post_tag","embeddable":true,"href":"https:\/\/blog.correios.com.br\/acordocoletivo\/index.php?rest_route=%2Fwp%2Fv2%2Ftags&post=5286"}],"curies":[{"name":"wp","href":"https:\/\/api.w.org\/{rel}","templated":true}]}}