{"id":5289,"date":"2024-07-17T21:18:04","date_gmt":"2024-07-18T00:18:04","guid":{"rendered":"https:\/\/blog.correios.com.br\/acordocoletivo\/?p=5289"},"modified":"2024-08-07T18:28:50","modified_gmt":"2024-08-07T21:28:50","slug":"empresa-destaca-investimentos-em-condicoes-de-trabalho","status":"publish","type":"post","link":"https:\/\/blog.correios.com.br\/acordocoletivo\/?p=5289","title":{"rendered":"Empresa destaca investimentos em condi\u00e7\u00f5es de trabalho"},"content":{"rendered":"\n<p>Na reuni\u00e3o do Acordo Coletivo 2024-2025 desta quarta-feira (17), a comiss\u00e3o de negocia\u00e7\u00e3o dos Correios e as representa\u00e7\u00f5es sindicais iniciaram os debates referentes \u00e0s cl\u00e1usulas sobre condi\u00e7\u00f5es de trabalho.<\/p>\n\n\n\n<p>A empresa destacou a retomada dos investimentos, por parte da atual gest\u00e3o, em setores que impactam diretamente o cotidiano de empregadas e empregados.<\/p>\n\n\n\n<p>Em 2023 e 2024, os Correios est\u00e3o investindo R$ 580 milh\u00f5es em obras e engenharia e R$ 430 milh\u00f5es em seguran\u00e7a.<\/p>\n\n\n\n<p>A empresa vem aumentando gradualmente, ainda, os valores destinados \u00e0 renova\u00e7\u00e3o da frota, em compara\u00e7\u00e3o ao governo anterior. Confira no gr\u00e1fico:<\/p>\n\n\n<div class=\"wp-block-image\">\n<figure class=\"aligncenter size-full\"><a href=\"https:\/\/blog.correios.com.br\/acordocoletivo\/wp-content\/uploads\/2024\/07\/1000073126.jpg\"><img loading=\"lazy\" decoding=\"async\" width=\"499\" height=\"432\" src=\"https:\/\/blog.correios.com.br\/acordocoletivo\/wp-content\/uploads\/2024\/07\/1000073126.jpg\" alt=\"\" class=\"wp-image-5290\" srcset=\"https:\/\/blog.correios.com.br\/acordocoletivo\/wp-content\/uploads\/2024\/07\/1000073126.jpg 499w, https:\/\/blog.correios.com.br\/acordocoletivo\/wp-content\/uploads\/2024\/07\/1000073126-300x260.jpg 300w\" sizes=\"auto, (max-width: 499px) 100vw, 499px\" \/><\/a><\/figure>\n<\/div>\n\n\n<p>A comiss\u00e3o de negocia\u00e7\u00e3o ainda apresentou para as representa\u00e7\u00f5es sindicais o Informe-SE, informativo lan\u00e7ado pela empresa para prestar contas, \u00e0s empregadas e aos empregados das Superintend\u00eancias Estaduais, do destino dos recursos de investimento.<\/p>\n\n\n\n<p><strong>Recursos para melhorias<\/strong><\/p>\n\n\n\n<p>No atual governo, os Correios foram inclu\u00eddos, pela primeira vez, no Novo PAC, com destina\u00e7\u00e3o de R$ 856 milh\u00f5es at\u00e9 2026 para novos centros operacionais e sistemas automatizados.<\/p>\n\n\n\n<p>Al\u00e9m disso, a empresa conseguiu autoriza\u00e7\u00e3o para captar internacionalmente R$ 3,8 bilh\u00f5es, com taxas vantajosas e car\u00eancia de cinco anos. Os recursos ser\u00e3o destinados para infraestrutura, moderniza\u00e7\u00e3o da estatal (com a constru\u00e7\u00e3o de centros de opera\u00e7\u00f5es modernos, automatizados e sustent\u00e1veis), investimentos em tecnologia e na transi\u00e7\u00e3o ecol\u00f3gica de sua frota.<\/p>\n\n\n\n<p>Amanh\u00e3 (18) a reuni\u00e3o prosseguir\u00e1 com a finaliza\u00e7\u00e3o da negocia\u00e7\u00e3o sobre as cl\u00e1usulas relativas \u00e0s condi\u00e7\u00f5es de trabalho. Os encontros seguintes v\u00e3o priorizar a an\u00e1lise das cl\u00e1usulas sobre a sa\u00fade de trabalhadoras e trabalhadores e as rela\u00e7\u00f5es sindicais.<\/p>\n","protected":false},"excerpt":{"rendered":"<p>Na reuni\u00e3o do Acordo Coletivo 2024-2025 desta quarta-feira (17), a comiss\u00e3o de negocia\u00e7\u00e3o dos Correios e as representa\u00e7\u00f5es sindicais iniciaram os debates referentes \u00e0s cl\u00e1usulas sobre condi\u00e7\u00f5es de trabalho. A empresa destacou a retomada dos investimentos, por parte da atual &hellip; <a href=\"https:\/\/blog.correios.com.br\/acordocoletivo\/?p=5289\">Continue lendo <span class=\"meta-nav\">&rarr;<\/span><\/a><\/p>\n","protected":false},"author":44,"featured_media":0,"comment_status":"closed","ping_status":"open","sticky":false,"template":"","format":"standard","meta":{"footnotes":""},"categories":[14],"tags":[144],"class_list":["post-5289","post","type-post","status-publish","format-standard","hentry","category-acordo-coletivo","tag-act-20242025"],"_links":{"self":[{"href":"https:\/\/blog.correios.com.br\/acordocoletivo\/index.php?rest_route=\/wp\/v2\/posts\/5289","targetHints":{"allow":["GET"]}}],"collection":[{"href":"https:\/\/blog.correios.com.br\/acordocoletivo\/index.php?rest_route=\/wp\/v2\/posts"}],"about":[{"href":"https:\/\/blog.correios.com.br\/acordocoletivo\/index.php?rest_route=\/wp\/v2\/types\/post"}],"author":[{"embeddable":true,"href":"https:\/\/blog.correios.com.br\/acordocoletivo\/index.php?rest_route=\/wp\/v2\/users\/44"}],"replies":[{"embeddable":true,"href":"https:\/\/blog.correios.com.br\/acordocoletivo\/index.php?rest_route=%2Fwp%2Fv2%2Fcomments&post=5289"}],"version-history":[{"count":1,"href":"https:\/\/blog.correios.com.br\/acordocoletivo\/index.php?rest_route=\/wp\/v2\/posts\/5289\/revisions"}],"predecessor-version":[{"id":5291,"href":"https:\/\/blog.correios.com.br\/acordocoletivo\/index.php?rest_route=\/wp\/v2\/posts\/5289\/revisions\/5291"}],"wp:attachment":[{"href":"https:\/\/blog.correios.com.br\/acordocoletivo\/index.php?rest_route=%2Fwp%2Fv2%2Fmedia&parent=5289"}],"wp:term":[{"taxonomy":"category","embeddable":true,"href":"https:\/\/blog.correios.com.br\/acordocoletivo\/index.php?rest_route=%2Fwp%2Fv2%2Fcategories&post=5289"},{"taxonomy":"post_tag","embeddable":true,"href":"https:\/\/blog.correios.com.br\/acordocoletivo\/index.php?rest_route=%2Fwp%2Fv2%2Ftags&post=5289"}],"curies":[{"name":"wp","href":"https:\/\/api.w.org\/{rel}","templated":true}]}}