{"id":5293,"date":"2024-07-18T20:28:17","date_gmt":"2024-07-18T23:28:17","guid":{"rendered":"https:\/\/blog.correios.com.br\/acordocoletivo\/?p=5293"},"modified":"2024-08-07T18:29:04","modified_gmt":"2024-08-07T21:29:04","slug":"devolutiva-da-empresa-grandes-avancos-para-as-mulheres","status":"publish","type":"post","link":"https:\/\/blog.correios.com.br\/acordocoletivo\/?p=5293","title":{"rendered":"Devolutiva da empresa: grandes avan\u00e7os para as mulheres"},"content":{"rendered":"\n<p>Nesta quinta-feira (18), a comiss\u00e3o de negocia\u00e7\u00e3o dos Correios apresentou as devolutivas das solicita\u00e7\u00f5es feitas pelas representa\u00e7\u00f5es sindicais em rela\u00e7\u00e3o \u00e0s cl\u00e1usulas que tratam das garantias para as empregadas.<\/p>\n\n\n\n<p>A empresa e as representa\u00e7\u00f5es sindicais, juntas, constru\u00edram avan\u00e7os muito significativos, como a proposta de implanta\u00e7\u00e3o de jornada de 5 horas corridas para as empregadas lactantes com filhos at\u00e9 18 meses.<\/p>\n\n\n\n<p>Outra novidade \u00e9 a proposta de concess\u00e3o de licen\u00e7a menstrual de at\u00e9 2 dias consecutivos por m\u00eas para empregadas que comprovarem sintomas graves associados ao fluxo menstrual, al\u00e9m de mais garantia de prote\u00e7\u00e3o \u00e0 empregada que sofre viol\u00eancia dom\u00e9stica.<\/p>\n\n\n\n<p>Vale destacar que, a fim de garantir a voz ativa das mulheres durante as reuni\u00f5es do Acordo Coletivo de Trabalho 2024-2025 nos Correios, as representantes sindicais femininas n\u00e3o t\u00eam controle de tempo de fala, como acontecia no passado.<\/p>\n\n\n\n<p><strong>Condi\u00e7\u00f5es de trabalho \u2013 <\/strong>Durante a reuni\u00e3o, a empresa e as representa\u00e7\u00f5es sindicais tamb\u00e9m deram continuidade \u00e0 an\u00e1lise sobre as cl\u00e1usulas referentes \u00e0s condi\u00e7\u00f5es de trabalho de empregadas e empregados.<\/p>\n\n\n\n<p>Logo no in\u00edcio da reuni\u00e3o, os Correios reiteraram que, ao contr\u00e1rio do que aconteceu nas gest\u00f5es anteriores, n\u00e3o querem retrocesso.<\/p>\n\n\n\n<p>A proposta \u00e9 manter as cl\u00e1usulas analisadas e melhorar algumas delas.<\/p>\n\n\n\n<p>Conforme afirmado anteriormente, esse esfor\u00e7o \u00e9 confirmado pelo retorno do investimento nos setores que causam impacto direto nas condi\u00e7\u00f5es de trabalho.<\/p>\n\n\n\n<p><strong>Renova\u00e7\u00e3o da frota &#8211; <\/strong>Um dos fatores priorit\u00e1rios nesse sentido \u00e9 a renova\u00e7\u00e3o da frota. Em 2024, h\u00e1 previs\u00e3o de investimento de mais de meio bilh\u00e3o de reais na \u00e1rea at\u00e9 dezembro e, para 2025, a expectativa \u00e9 investir um valor ainda maior.<\/p>\n\n\n\n<p>Como resultado, no bi\u00eanio 2024-2025, h\u00e1 expectativa de aquisi\u00e7\u00e3o de mais de 8.700 bicicletas (sendo 3 mil el\u00e9tricas), mais de 7 mil motocicletas, mais de 4 mil furg\u00f5es e mais de 50 caminh\u00f5es.<\/p>\n\n\n\n<figure class=\"wp-block-image size-large\"><a href=\"https:\/\/blog.correios.com.br\/acordocoletivo\/wp-content\/uploads\/2024\/07\/1000073380.jpg\"><img loading=\"lazy\" decoding=\"async\" width=\"1024\" height=\"720\" src=\"https:\/\/blog.correios.com.br\/acordocoletivo\/wp-content\/uploads\/2024\/07\/1000073380-1024x720.jpg\" alt=\"\" class=\"wp-image-5294\" srcset=\"https:\/\/blog.correios.com.br\/acordocoletivo\/wp-content\/uploads\/2024\/07\/1000073380-1024x720.jpg 1024w, https:\/\/blog.correios.com.br\/acordocoletivo\/wp-content\/uploads\/2024\/07\/1000073380-300x211.jpg 300w, https:\/\/blog.correios.com.br\/acordocoletivo\/wp-content\/uploads\/2024\/07\/1000073380-768x540.jpg 768w, https:\/\/blog.correios.com.br\/acordocoletivo\/wp-content\/uploads\/2024\/07\/1000073380.jpg 1080w\" sizes=\"auto, (max-width: 1024px) 100vw, 1024px\" \/><\/a><\/figure>\n\n\n\n<p>As negocia\u00e7\u00f5es ser\u00e3o retomadas na pr\u00f3xima semana, com a an\u00e1lise das cl\u00e1usulas referentes \u00e0 sa\u00fade das empregadas e empregados.<\/p>\n","protected":false},"excerpt":{"rendered":"<p>Nesta quinta-feira (18), a comiss\u00e3o de negocia\u00e7\u00e3o dos Correios apresentou as devolutivas das solicita\u00e7\u00f5es feitas pelas representa\u00e7\u00f5es sindicais em rela\u00e7\u00e3o \u00e0s cl\u00e1usulas que tratam das garantias para as empregadas. A empresa e as representa\u00e7\u00f5es sindicais, juntas, constru\u00edram avan\u00e7os muito significativos, &hellip; <a href=\"https:\/\/blog.correios.com.br\/acordocoletivo\/?p=5293\">Continue lendo <span class=\"meta-nav\">&rarr;<\/span><\/a><\/p>\n","protected":false},"author":44,"featured_media":0,"comment_status":"closed","ping_status":"open","sticky":false,"template":"","format":"standard","meta":{"footnotes":""},"categories":[14],"tags":[144],"class_list":["post-5293","post","type-post","status-publish","format-standard","hentry","category-acordo-coletivo","tag-act-20242025"],"_links":{"self":[{"href":"https:\/\/blog.correios.com.br\/acordocoletivo\/index.php?rest_route=\/wp\/v2\/posts\/5293","targetHints":{"allow":["GET"]}}],"collection":[{"href":"https:\/\/blog.correios.com.br\/acordocoletivo\/index.php?rest_route=\/wp\/v2\/posts"}],"about":[{"href":"https:\/\/blog.correios.com.br\/acordocoletivo\/index.php?rest_route=\/wp\/v2\/types\/post"}],"author":[{"embeddable":true,"href":"https:\/\/blog.correios.com.br\/acordocoletivo\/index.php?rest_route=\/wp\/v2\/users\/44"}],"replies":[{"embeddable":true,"href":"https:\/\/blog.correios.com.br\/acordocoletivo\/index.php?rest_route=%2Fwp%2Fv2%2Fcomments&post=5293"}],"version-history":[{"count":1,"href":"https:\/\/blog.correios.com.br\/acordocoletivo\/index.php?rest_route=\/wp\/v2\/posts\/5293\/revisions"}],"predecessor-version":[{"id":5295,"href":"https:\/\/blog.correios.com.br\/acordocoletivo\/index.php?rest_route=\/wp\/v2\/posts\/5293\/revisions\/5295"}],"wp:attachment":[{"href":"https:\/\/blog.correios.com.br\/acordocoletivo\/index.php?rest_route=%2Fwp%2Fv2%2Fmedia&parent=5293"}],"wp:term":[{"taxonomy":"category","embeddable":true,"href":"https:\/\/blog.correios.com.br\/acordocoletivo\/index.php?rest_route=%2Fwp%2Fv2%2Fcategories&post=5293"},{"taxonomy":"post_tag","embeddable":true,"href":"https:\/\/blog.correios.com.br\/acordocoletivo\/index.php?rest_route=%2Fwp%2Fv2%2Ftags&post=5293"}],"curies":[{"name":"wp","href":"https:\/\/api.w.org\/{rel}","templated":true}]}}