{"id":5306,"date":"2024-07-23T22:15:02","date_gmt":"2024-07-24T01:15:02","guid":{"rendered":"https:\/\/blog.correios.com.br\/acordocoletivo\/?p=5306"},"modified":"2024-08-07T18:27:17","modified_gmt":"2024-08-07T21:27:17","slug":"correios-anuncia-concurso-para-cargos-de-medicina-e-seguranca-do-trabalho","status":"publish","type":"post","link":"https:\/\/blog.correios.com.br\/acordocoletivo\/?p=5306","title":{"rendered":"Correios anuncia concurso para cargos de medicina e seguran\u00e7a do trabalho"},"content":{"rendered":"\n<p>Durante a reuni\u00e3o de negocia\u00e7\u00e3o do Acordo Coletivo de Trabalho 2024-2025 realizada nesta ter\u00e7a-feira (23), a comiss\u00e3o de negocia\u00e7\u00e3o da empresa informou que a estatal divulgou o edital para concurso p\u00fablico de medicina e seguran\u00e7a do trabalho.<\/p>\n\n\n\n<p>O concurso tem o objetivo de preencher vagas e formar cadastro reserva. As novas contrata\u00e7\u00f5es otimizar\u00e3o a presta\u00e7\u00e3o de servi\u00e7os de sa\u00fade ocupacional para as empregadas e empregados, tema que foi pauta da reuni\u00e3o.<\/p>\n\n\n\n<p>Pelo segundo dia consecutivo, a comiss\u00e3o de negocia\u00e7\u00e3o dos Correios e as representa\u00e7\u00f5es sindicais se reuniram para analisar as cl\u00e1usulas referentes \u00e0 sa\u00fade do trabalhador.<\/p>\n\n\n\n<p><strong>Manuten\u00e7\u00e3o de garantias<\/strong><\/p>\n\n\n\n<p>Assim como aconteceu com as cl\u00e1usulas sociais e condi\u00e7\u00f5es de trabalho, a proposta da empresa \u00e9 manter as garantias j\u00e1 conquistadas, com aprimoramentos.<\/p>\n\n\n\n<p>Tratando de temas sens\u00edveis como ergonomia, reabilita\u00e7\u00e3o e assist\u00eancia m\u00e9dica e psicol\u00f3gica a trabalhadoras e trabalhadores v\u00edtimas de acidentes de trabalho, comiss\u00e3o e representa\u00e7\u00f5es sindicais est\u00e3o trabalhando juntas para encontrar solu\u00e7\u00f5es de melhoria.<\/p>\n\n\n\n<p>Amanh\u00e3 (24) a negocia\u00e7\u00e3o tratar\u00e1 das cl\u00e1usulas referentes \u00e0s Rela\u00e7\u00f5es Sindicais.<\/p>\n\n\n\n<p>Na quinta-feira (25), os Correios devem apresentar devolutivas sobre as constru\u00e7\u00f5es realizadas ao longo das reuni\u00f5es anteriores.<\/p>\n\n\n\n<figure class=\"wp-block-image size-large\"><a href=\"https:\/\/blog.correios.com.br\/acordocoletivo\/wp-content\/uploads\/2024\/07\/image-2.png\"><img loading=\"lazy\" decoding=\"async\" width=\"1024\" height=\"1024\" src=\"https:\/\/blog.correios.com.br\/acordocoletivo\/wp-content\/uploads\/2024\/07\/image-2-1024x1024.png\" alt=\"\" class=\"wp-image-5307\" srcset=\"https:\/\/blog.correios.com.br\/acordocoletivo\/wp-content\/uploads\/2024\/07\/image-2-1024x1024.png 1024w, https:\/\/blog.correios.com.br\/acordocoletivo\/wp-content\/uploads\/2024\/07\/image-2-300x300.png 300w, https:\/\/blog.correios.com.br\/acordocoletivo\/wp-content\/uploads\/2024\/07\/image-2-150x150.png 150w, https:\/\/blog.correios.com.br\/acordocoletivo\/wp-content\/uploads\/2024\/07\/image-2-768x768.png 768w, https:\/\/blog.correios.com.br\/acordocoletivo\/wp-content\/uploads\/2024\/07\/image-2.png 1080w\" sizes=\"auto, (max-width: 1024px) 100vw, 1024px\" \/><\/a><\/figure>\n\n\n\n<p><strong>Confira o calend\u00e1rio atualizado das pr\u00f3ximas reuni\u00f5es<\/strong><\/p>\n\n\n\n<p>24\/07 &#8211; Rela\u00e7\u00f5es Sindicais<br>25\/07 &#8211; Rela\u00e7\u00f5es Sindicais<br>31\/07 &#8211; Benef\u00edcios<br>1\u00ba\/08 &#8211; Proposta financeira<\/p>\n","protected":false},"excerpt":{"rendered":"<p>Durante a reuni\u00e3o de negocia\u00e7\u00e3o do Acordo Coletivo de Trabalho 2024-2025 realizada nesta ter\u00e7a-feira (23), a comiss\u00e3o de negocia\u00e7\u00e3o da empresa informou que a estatal divulgou o edital para concurso p\u00fablico de medicina e seguran\u00e7a do trabalho. O concurso tem &hellip; <a href=\"https:\/\/blog.correios.com.br\/acordocoletivo\/?p=5306\">Continue lendo <span class=\"meta-nav\">&rarr;<\/span><\/a><\/p>\n","protected":false},"author":44,"featured_media":0,"comment_status":"closed","ping_status":"open","sticky":false,"template":"","format":"standard","meta":{"footnotes":""},"categories":[14],"tags":[144,146],"class_list":["post-5306","post","type-post","status-publish","format-standard","hentry","category-acordo-coletivo","tag-act-20242025","tag-concurso-publico"],"_links":{"self":[{"href":"https:\/\/blog.correios.com.br\/acordocoletivo\/index.php?rest_route=\/wp\/v2\/posts\/5306","targetHints":{"allow":["GET"]}}],"collection":[{"href":"https:\/\/blog.correios.com.br\/acordocoletivo\/index.php?rest_route=\/wp\/v2\/posts"}],"about":[{"href":"https:\/\/blog.correios.com.br\/acordocoletivo\/index.php?rest_route=\/wp\/v2\/types\/post"}],"author":[{"embeddable":true,"href":"https:\/\/blog.correios.com.br\/acordocoletivo\/index.php?rest_route=\/wp\/v2\/users\/44"}],"replies":[{"embeddable":true,"href":"https:\/\/blog.correios.com.br\/acordocoletivo\/index.php?rest_route=%2Fwp%2Fv2%2Fcomments&post=5306"}],"version-history":[{"count":1,"href":"https:\/\/blog.correios.com.br\/acordocoletivo\/index.php?rest_route=\/wp\/v2\/posts\/5306\/revisions"}],"predecessor-version":[{"id":5308,"href":"https:\/\/blog.correios.com.br\/acordocoletivo\/index.php?rest_route=\/wp\/v2\/posts\/5306\/revisions\/5308"}],"wp:attachment":[{"href":"https:\/\/blog.correios.com.br\/acordocoletivo\/index.php?rest_route=%2Fwp%2Fv2%2Fmedia&parent=5306"}],"wp:term":[{"taxonomy":"category","embeddable":true,"href":"https:\/\/blog.correios.com.br\/acordocoletivo\/index.php?rest_route=%2Fwp%2Fv2%2Fcategories&post=5306"},{"taxonomy":"post_tag","embeddable":true,"href":"https:\/\/blog.correios.com.br\/acordocoletivo\/index.php?rest_route=%2Fwp%2Fv2%2Ftags&post=5306"}],"curies":[{"name":"wp","href":"https:\/\/api.w.org\/{rel}","templated":true}]}}