{"id":5397,"date":"2024-09-17T13:43:43","date_gmt":"2024-09-17T16:43:43","guid":{"rendered":"https:\/\/blog.correios.com.br\/acordocoletivo\/?p=5397"},"modified":"2025-07-27T14:46:05","modified_gmt":"2025-07-27T17:46:05","slug":"act-2024-2025","status":"publish","type":"post","link":"https:\/\/blog.correios.com.br\/acordocoletivo\/?p=5397","title":{"rendered":"ACT 2024\/2025"},"content":{"rendered":"\n<p>Os Correios assinaram nesta segunda-feira (16) o Acordo Coletivo de Trabalho 2024\/2025 com a Findect. Na sexta-feira (13), a empresa assinou o ACT com a Fentect.<\/p>\n\n\n\n<p>Pelo segundo ano consecutivo, gra\u00e7as ao di\u00e1logo, constru\u00edmos uma proposta de acordo em mesa de negocia\u00e7\u00e3o, com ganhos para empregadas e empregados. Entre os benef\u00edcios conquistados est\u00e3o o reajuste linear que garante aumento superior a 4,11% para 55 mil empregados, o retorno da cl\u00e1usula sobre a gratifica\u00e7\u00e3o de 70% de f\u00e9rias e o pagamento de Vale Peru no valor de R$ 2.500,00, em duas parcelas.<\/p>\n\n\n\n<p>O presidente dos Correios, Fabiano Silva dos Santos, comemorou a assinatura. \u201cEm pouco mais de um ano e meio do governo do Presidente Lula, devolvemos 50 direitos retirados no governo anterior. Essa vit\u00f3ria \u00e9 de todas e de todos que trabalham nos Correios\u201d.<\/p>\n\n\n\n<p>Confira a \u00edntegra do ACT:<\/p>\n\n\n\n<ul class=\"wp-block-list\">\n<li><a href=\"https:\/\/blog.correios.com.br\/acordocoletivo\/wp-content\/uploads\/2024\/09\/ACT-2024-2025-FENTECT.pdf\" data-type=\"link\" data-id=\"https:\/\/blog.correios.com.br\/acordocoletivo\/wp-content\/uploads\/2024\/09\/ACT-2024-2025-FENTECT.pdf\" target=\"_blank\" rel=\"noreferrer noopener\">ACT 2024-2025_Fentect<\/a>.<\/li>\n\n\n\n<li><a href=\"https:\/\/blog.correios.com.br\/acordocoletivo\/wp-content\/uploads\/2024\/09\/ACT-2024-2025-FINDECT.pdf\" data-type=\"link\" data-id=\"https:\/\/blog.correios.com.br\/acordocoletivo\/wp-content\/uploads\/2024\/09\/ACT-2024-2025-FINDECT.pdf\" target=\"_blank\" rel=\"noreferrer noopener\">ACT 2024-2025_Findect<\/a>;<\/li>\n<\/ul>\n","protected":false},"excerpt":{"rendered":"<p>Os Correios assinaram nesta segunda-feira (16) o Acordo Coletivo de Trabalho 2024\/2025 com a Findect. Na sexta-feira (13), a empresa assinou o ACT com a Fentect. Pelo segundo ano consecutivo, gra\u00e7as ao di\u00e1logo, constru\u00edmos uma proposta de acordo em mesa &hellip; <a href=\"https:\/\/blog.correios.com.br\/acordocoletivo\/?p=5397\">Continue lendo <span class=\"meta-nav\">&rarr;<\/span><\/a><\/p>\n","protected":false},"author":44,"featured_media":0,"comment_status":"closed","ping_status":"open","sticky":false,"template":"","format":"standard","meta":{"footnotes":""},"categories":[14],"tags":[],"class_list":["post-5397","post","type-post","status-publish","format-standard","hentry","category-acordo-coletivo"],"_links":{"self":[{"href":"https:\/\/blog.correios.com.br\/acordocoletivo\/index.php?rest_route=\/wp\/v2\/posts\/5397","targetHints":{"allow":["GET"]}}],"collection":[{"href":"https:\/\/blog.correios.com.br\/acordocoletivo\/index.php?rest_route=\/wp\/v2\/posts"}],"about":[{"href":"https:\/\/blog.correios.com.br\/acordocoletivo\/index.php?rest_route=\/wp\/v2\/types\/post"}],"author":[{"embeddable":true,"href":"https:\/\/blog.correios.com.br\/acordocoletivo\/index.php?rest_route=\/wp\/v2\/users\/44"}],"replies":[{"embeddable":true,"href":"https:\/\/blog.correios.com.br\/acordocoletivo\/index.php?rest_route=%2Fwp%2Fv2%2Fcomments&post=5397"}],"version-history":[{"count":2,"href":"https:\/\/blog.correios.com.br\/acordocoletivo\/index.php?rest_route=\/wp\/v2\/posts\/5397\/revisions"}],"predecessor-version":[{"id":5411,"href":"https:\/\/blog.correios.com.br\/acordocoletivo\/index.php?rest_route=\/wp\/v2\/posts\/5397\/revisions\/5411"}],"wp:attachment":[{"href":"https:\/\/blog.correios.com.br\/acordocoletivo\/index.php?rest_route=%2Fwp%2Fv2%2Fmedia&parent=5397"}],"wp:term":[{"taxonomy":"category","embeddable":true,"href":"https:\/\/blog.correios.com.br\/acordocoletivo\/index.php?rest_route=%2Fwp%2Fv2%2Fcategories&post=5397"},{"taxonomy":"post_tag","embeddable":true,"href":"https:\/\/blog.correios.com.br\/acordocoletivo\/index.php?rest_route=%2Fwp%2Fv2%2Ftags&post=5397"}],"curies":[{"name":"wp","href":"https:\/\/api.w.org\/{rel}","templated":true}]}}