{"id":5413,"date":"2025-07-30T14:39:29","date_gmt":"2025-07-30T17:39:29","guid":{"rendered":"https:\/\/blog.correios.com.br\/acordocoletivo\/?p=5413"},"modified":"2025-07-30T14:39:29","modified_gmt":"2025-07-30T17:39:29","slug":"correios-e-representantes-das-trabalhadoras-e-dos-trabalhadores-iniciam-negociacoes-do-act-2025-2026","status":"publish","type":"post","link":"https:\/\/blog.correios.com.br\/acordocoletivo\/?p=5413","title":{"rendered":"Correios e representantes das trabalhadoras e dos trabalhadores iniciam negocia\u00e7\u00f5es do ACT 2025-2026"},"content":{"rendered":"\n<p>Os Correios deram in\u00edcio, na tarde desta ter\u00e7a-feira (29), \u00e0s negocia\u00e7\u00f5es do Acordo Coletivo de Trabalho &#8211; ACT 2025-2026 com as representa\u00e7\u00f5es das trabalhadoras e dos trabalhadores da empresa.<\/p>\n\n\n\n<p>A primeira reuni\u00e3o ocorreu no audit\u00f3rio da Universidade Corporativa dos Correios, em Bras\u00edlia, e contou com a presen\u00e7a dos presidentes das duas federa\u00e7\u00f5es:&nbsp;&nbsp;Emerson Marinho, da Federa\u00e7\u00e3o Nacional dos Trabalhadores em Empresas de Correios e Tel\u00e9grafos e Similares (Fentect) e Jos\u00e9 Aparecido Gimenes Gandara, da Federa\u00e7\u00e3o Interestadual dos Sindicatos dos Trabalhadores e Trabalhadoras dos Correios (Findect), al\u00e9m de representantes de todas as bases sindicais do pa\u00eds.<\/p>\n\n\n\n<p>Pela empresa, participaram o diretor de Gest\u00e3o de Pessoas, Get\u00falio Marques Ferreira; o superintendente Executivo de Gest\u00e3o de Pessoas, Alexandre Vidor; o chefe do Departamento das Rela\u00e7\u00f5es do Trabalho, Fagner Jos\u00e9 Rodrigues, e o gerente corporativo das Rela\u00e7\u00f5es do Trabalho, Tiago Luiz da Silva. Calend\u00e1rio:<\/p>\n\n\n\n<p>Pr\u00f3xima reuni\u00e3o: 30\/7\/2025 <br>&#8211; Apresenta\u00e7\u00e3o de cen\u00e1rios da empresa pelas diretorias &#8211; DIEFI, DINEG e DIOPE.<\/p>\n","protected":false},"excerpt":{"rendered":"<p>Os Correios deram in\u00edcio, na tarde desta ter\u00e7a-feira (29), \u00e0s negocia\u00e7\u00f5es do Acordo Coletivo de Trabalho &#8211; ACT 2025-2026 com as representa\u00e7\u00f5es das trabalhadoras e dos trabalhadores da empresa. A primeira reuni\u00e3o ocorreu no audit\u00f3rio da Universidade Corporativa dos Correios, &hellip; <a href=\"https:\/\/blog.correios.com.br\/acordocoletivo\/?p=5413\">Continue lendo <span class=\"meta-nav\">&rarr;<\/span><\/a><\/p>\n","protected":false},"author":55,"featured_media":0,"comment_status":"closed","ping_status":"open","sticky":false,"template":"","format":"standard","meta":{"footnotes":""},"categories":[14],"tags":[],"class_list":["post-5413","post","type-post","status-publish","format-standard","hentry","category-acordo-coletivo"],"_links":{"self":[{"href":"https:\/\/blog.correios.com.br\/acordocoletivo\/index.php?rest_route=\/wp\/v2\/posts\/5413","targetHints":{"allow":["GET"]}}],"collection":[{"href":"https:\/\/blog.correios.com.br\/acordocoletivo\/index.php?rest_route=\/wp\/v2\/posts"}],"about":[{"href":"https:\/\/blog.correios.com.br\/acordocoletivo\/index.php?rest_route=\/wp\/v2\/types\/post"}],"author":[{"embeddable":true,"href":"https:\/\/blog.correios.com.br\/acordocoletivo\/index.php?rest_route=\/wp\/v2\/users\/55"}],"replies":[{"embeddable":true,"href":"https:\/\/blog.correios.com.br\/acordocoletivo\/index.php?rest_route=%2Fwp%2Fv2%2Fcomments&post=5413"}],"version-history":[{"count":1,"href":"https:\/\/blog.correios.com.br\/acordocoletivo\/index.php?rest_route=\/wp\/v2\/posts\/5413\/revisions"}],"predecessor-version":[{"id":5414,"href":"https:\/\/blog.correios.com.br\/acordocoletivo\/index.php?rest_route=\/wp\/v2\/posts\/5413\/revisions\/5414"}],"wp:attachment":[{"href":"https:\/\/blog.correios.com.br\/acordocoletivo\/index.php?rest_route=%2Fwp%2Fv2%2Fmedia&parent=5413"}],"wp:term":[{"taxonomy":"category","embeddable":true,"href":"https:\/\/blog.correios.com.br\/acordocoletivo\/index.php?rest_route=%2Fwp%2Fv2%2Fcategories&post=5413"},{"taxonomy":"post_tag","embeddable":true,"href":"https:\/\/blog.correios.com.br\/acordocoletivo\/index.php?rest_route=%2Fwp%2Fv2%2Ftags&post=5413"}],"curies":[{"name":"wp","href":"https:\/\/api.w.org\/{rel}","templated":true}]}}