{"id":5416,"date":"2025-07-31T08:54:34","date_gmt":"2025-07-31T11:54:34","guid":{"rendered":"https:\/\/blog.correios.com.br\/acordocoletivo\/?p=5416"},"modified":"2025-07-31T08:57:11","modified_gmt":"2025-07-31T11:57:11","slug":"correios-e-federacoes-realizam-segundo-dia-de-negociacoes-do-act-2025-2026","status":"publish","type":"post","link":"https:\/\/blog.correios.com.br\/acordocoletivo\/?p=5416","title":{"rendered":"Correios e federa\u00e7\u00f5es realizam segundo dia de negocia\u00e7\u00f5es do ACT 2025-2026"},"content":{"rendered":"\n<p>O segundo dia de negocia\u00e7\u00f5es do Acordo Coletivo de Trabalho (ACT) 2025-2026 foi marcado pela apresenta\u00e7\u00e3o do cen\u00e1rio atual da empresa, conduzida pelas Diretorias de Neg\u00f3cios (DINEG), Opera\u00e7\u00f5es (DIOPE) e Econ\u00f4mico-Financeira, Tecnologia e Seguran\u00e7a da Informa\u00e7\u00e3o (DIEFI). Os trabalhos foram coordenados pela Diretoria de Gest\u00e3o de Pessoas.<\/p>\n\n\n\n<p>A primeira apresenta\u00e7\u00e3o ficou a cargo da Diretoria de Neg\u00f3cios, que compartilhou informa\u00e7\u00f5es e iniciativas em andamento na \u00e1rea. Atendendo a uma solicita\u00e7\u00e3o feita na reuni\u00e3o anterior, tamb\u00e9m foram apresentados dados e esclarecimentos sobre o marketplace Mais Correios. A exposi\u00e7\u00e3o foi conduzida pela chefe do Departamento de Desenvolvimento de Neg\u00f3cios (DESEN), Fernanda Helena de Medeiros, e pelo analista Marcelo Rodrigo de Souza, ambos da DINEG.<\/p>\n\n\n\n<p>Na sequ\u00eancia, o diretor de Opera\u00e7\u00f5es, Sergio Kennedy Soares Freitas, trouxe os projetos, iniciativas e perspectivas da DIOPE.<\/p>\n\n\n\n<p>Durante a sess\u00e3o, tamb\u00e9m foram compartilhadas sugest\u00f5es dos representantes dos trabalhadores. Entre os pontos destacados, esteve a proposta de cria\u00e7\u00e3o de um canal de comunica\u00e7\u00e3o direto entre a DIOPE e os trabalhadores da \u00e1rea operacional, visando \u00e0 discuss\u00e3o e busca de solu\u00e7\u00f5es para os problemas enfrentados na base.<\/p>\n\n\n\n<p>Encerrando o dia, a Diretoria Econ\u00f4mico-Financeira apresentou um panorama da situa\u00e7\u00e3o financeira da empresa, bem como as perspectivas para o futuro pr\u00f3ximo. A diretora Loiane de Carvalho Bezerra de Macedo compartilhou os principais resultados econ\u00f4mico-financeiros, contextualizando os desafios enfrentados e as medidas adotadas para garantir a sustentabilidade da estatal.<\/p>\n\n\n\n<p>Vale ressaltar que, para garantir o bom andamento das tratativas, a empresa j\u00e1 prorrogou a vig\u00eancia do ACT 2024-2025 at\u00e9 31\/8.<\/p>\n\n\n\n<p>Calend\u00e1rio:<br>Pr\u00f3xima reuni\u00e3o: 31\/7\/2025<br>Apresenta\u00e7\u00e3o de cen\u00e1rios da empresa pelas diretorias \u2013 DIRAD e DIGOE.<\/p>\n","protected":false},"excerpt":{"rendered":"<p>O segundo dia de negocia\u00e7\u00f5es do Acordo Coletivo de Trabalho (ACT) 2025-2026 foi marcado pela apresenta\u00e7\u00e3o do cen\u00e1rio atual da empresa, conduzida pelas Diretorias de Neg\u00f3cios (DINEG), Opera\u00e7\u00f5es (DIOPE) e Econ\u00f4mico-Financeira, Tecnologia e Seguran\u00e7a da Informa\u00e7\u00e3o (DIEFI). Os trabalhos foram &hellip; <a href=\"https:\/\/blog.correios.com.br\/acordocoletivo\/?p=5416\">Continue lendo <span class=\"meta-nav\">&rarr;<\/span><\/a><\/p>\n","protected":false},"author":44,"featured_media":0,"comment_status":"closed","ping_status":"open","sticky":false,"template":"","format":"standard","meta":{"footnotes":""},"categories":[14],"tags":[],"class_list":["post-5416","post","type-post","status-publish","format-standard","hentry","category-acordo-coletivo"],"_links":{"self":[{"href":"https:\/\/blog.correios.com.br\/acordocoletivo\/index.php?rest_route=\/wp\/v2\/posts\/5416","targetHints":{"allow":["GET"]}}],"collection":[{"href":"https:\/\/blog.correios.com.br\/acordocoletivo\/index.php?rest_route=\/wp\/v2\/posts"}],"about":[{"href":"https:\/\/blog.correios.com.br\/acordocoletivo\/index.php?rest_route=\/wp\/v2\/types\/post"}],"author":[{"embeddable":true,"href":"https:\/\/blog.correios.com.br\/acordocoletivo\/index.php?rest_route=\/wp\/v2\/users\/44"}],"replies":[{"embeddable":true,"href":"https:\/\/blog.correios.com.br\/acordocoletivo\/index.php?rest_route=%2Fwp%2Fv2%2Fcomments&post=5416"}],"version-history":[{"count":1,"href":"https:\/\/blog.correios.com.br\/acordocoletivo\/index.php?rest_route=\/wp\/v2\/posts\/5416\/revisions"}],"predecessor-version":[{"id":5417,"href":"https:\/\/blog.correios.com.br\/acordocoletivo\/index.php?rest_route=\/wp\/v2\/posts\/5416\/revisions\/5417"}],"wp:attachment":[{"href":"https:\/\/blog.correios.com.br\/acordocoletivo\/index.php?rest_route=%2Fwp%2Fv2%2Fmedia&parent=5416"}],"wp:term":[{"taxonomy":"category","embeddable":true,"href":"https:\/\/blog.correios.com.br\/acordocoletivo\/index.php?rest_route=%2Fwp%2Fv2%2Fcategories&post=5416"},{"taxonomy":"post_tag","embeddable":true,"href":"https:\/\/blog.correios.com.br\/acordocoletivo\/index.php?rest_route=%2Fwp%2Fv2%2Ftags&post=5416"}],"curies":[{"name":"wp","href":"https:\/\/api.w.org\/{rel}","templated":true}]}}