{"id":5419,"date":"2025-07-31T20:10:44","date_gmt":"2025-07-31T23:10:44","guid":{"rendered":"https:\/\/blog.correios.com.br\/acordocoletivo\/?p=5419"},"modified":"2025-07-31T20:10:44","modified_gmt":"2025-07-31T23:10:44","slug":"correios-e-federacoes-concluem-a-primeira-semana-de-negociacoes-do-act-2025-2026","status":"publish","type":"post","link":"https:\/\/blog.correios.com.br\/acordocoletivo\/?p=5419","title":{"rendered":"Correios e federa\u00e7\u00f5es concluem a primeira semana de negocia\u00e7\u00f5es do ACT 2025-2026"},"content":{"rendered":"\n<p>Na primeira semana de negocia\u00e7\u00f5es do Acordo Coletivo de Trabalho \u2013 ACT 2025-2026, os Correios e as federa\u00e7\u00f5es representativas dos trabalhadores encerraram os debates com importantes apresenta\u00e7\u00f5es institucionais das Diretorias de Administra\u00e7\u00e3o \u2013 DIRAD e Governan\u00e7a e Estrat\u00e9gia \u2013 DIGOE.<\/p>\n\n\n\n<p>A DIRAD abriu os trabalhos do dia, por meio da apresenta\u00e7\u00e3o conduzida pelo superintendente executivo Denny Shinya Toyama. Ele compartilhou informa\u00e7\u00f5es sobre a carteira imobili\u00e1ria da empresa, os avan\u00e7os em efici\u00eancia energ\u00e9tica com a instala\u00e7\u00e3o de usinas fotovoltaicas, al\u00e9m de obras de moderniza\u00e7\u00e3o em unidades dos Correios, incluindo projetos do PAC em cidades como S\u00e3o Lu\u00eds\/MA, Londrina\/PR, Belo Horizonte\/MG e Fortaleza\/CE.<\/p>\n\n\n\n<p>Na sequ\u00eancia, a DIGOE, representada pela diretora Juliana Picoli Agatte, apresentou o escopo de atua\u00e7\u00e3o da \u00e1rea, destacando o compromisso dos Correios com pr\u00e1ticas sustent\u00e1veis e de governan\u00e7a corporativa. Juliana enfatizou que, para atender \u00e0s exig\u00eancias dos principais clientes e alinhar-se \u00e0s melhores pr\u00e1ticas do mercado, a empresa vem investindo em programas que fortalecem a integridade e a sustentabilidade em suas opera\u00e7\u00f5es.<\/p>\n\n\n\n<p>Durante sua apresenta\u00e7\u00e3o, a diretora tamb\u00e9m detalhou o Programa de Moderniza\u00e7\u00e3o e Transforma\u00e7\u00e3o Ecol\u00f3gica dos Correios, com o objetivo de tornar a institui\u00e7\u00e3o mais eficiente e alinhada \u00e0s demandas do mercado.<\/p>\n\n\n\n<p>A primeira semana de negocia\u00e7\u00f5es do ACT 2025-2026 foi marcada por um di\u00e1logo franco entre a dire\u00e7\u00e3o dos Correios e os representantes dos trabalhadores. A pr\u00f3xima reuni\u00e3o acontece na ter\u00e7a-feira (5), quando ser\u00e3o tratadas as cl\u00e1usulas sociais \u2013 diversidade, inclus\u00e3o e Direitos Humanos.<\/p>\n","protected":false},"excerpt":{"rendered":"<p>Na primeira semana de negocia\u00e7\u00f5es do Acordo Coletivo de Trabalho \u2013 ACT 2025-2026, os Correios e as federa\u00e7\u00f5es representativas dos trabalhadores encerraram os debates com importantes apresenta\u00e7\u00f5es institucionais das Diretorias de Administra\u00e7\u00e3o \u2013 DIRAD e Governan\u00e7a e Estrat\u00e9gia \u2013 DIGOE. &hellip; <a href=\"https:\/\/blog.correios.com.br\/acordocoletivo\/?p=5419\">Continue lendo <span class=\"meta-nav\">&rarr;<\/span><\/a><\/p>\n","protected":false},"author":44,"featured_media":0,"comment_status":"closed","ping_status":"open","sticky":false,"template":"","format":"standard","meta":{"footnotes":""},"categories":[14],"tags":[],"class_list":["post-5419","post","type-post","status-publish","format-standard","hentry","category-acordo-coletivo"],"_links":{"self":[{"href":"https:\/\/blog.correios.com.br\/acordocoletivo\/index.php?rest_route=\/wp\/v2\/posts\/5419","targetHints":{"allow":["GET"]}}],"collection":[{"href":"https:\/\/blog.correios.com.br\/acordocoletivo\/index.php?rest_route=\/wp\/v2\/posts"}],"about":[{"href":"https:\/\/blog.correios.com.br\/acordocoletivo\/index.php?rest_route=\/wp\/v2\/types\/post"}],"author":[{"embeddable":true,"href":"https:\/\/blog.correios.com.br\/acordocoletivo\/index.php?rest_route=\/wp\/v2\/users\/44"}],"replies":[{"embeddable":true,"href":"https:\/\/blog.correios.com.br\/acordocoletivo\/index.php?rest_route=%2Fwp%2Fv2%2Fcomments&post=5419"}],"version-history":[{"count":1,"href":"https:\/\/blog.correios.com.br\/acordocoletivo\/index.php?rest_route=\/wp\/v2\/posts\/5419\/revisions"}],"predecessor-version":[{"id":5420,"href":"https:\/\/blog.correios.com.br\/acordocoletivo\/index.php?rest_route=\/wp\/v2\/posts\/5419\/revisions\/5420"}],"wp:attachment":[{"href":"https:\/\/blog.correios.com.br\/acordocoletivo\/index.php?rest_route=%2Fwp%2Fv2%2Fmedia&parent=5419"}],"wp:term":[{"taxonomy":"category","embeddable":true,"href":"https:\/\/blog.correios.com.br\/acordocoletivo\/index.php?rest_route=%2Fwp%2Fv2%2Fcategories&post=5419"},{"taxonomy":"post_tag","embeddable":true,"href":"https:\/\/blog.correios.com.br\/acordocoletivo\/index.php?rest_route=%2Fwp%2Fv2%2Ftags&post=5419"}],"curies":[{"name":"wp","href":"https:\/\/api.w.org\/{rel}","templated":true}]}}