{"id":5425,"date":"2025-08-06T20:12:49","date_gmt":"2025-08-06T23:12:49","guid":{"rendered":"https:\/\/blog.correios.com.br\/acordocoletivo\/?p=5425"},"modified":"2025-08-08T10:46:21","modified_gmt":"2025-08-08T13:46:21","slug":"negociacoes-sobre-garantias-das-mulheres","status":"publish","type":"post","link":"https:\/\/blog.correios.com.br\/acordocoletivo\/?p=5425","title":{"rendered":"Negocia\u00e7\u00f5es sobre garantias das mulheres"},"content":{"rendered":"\n<p>Dando continuidade \u00e0s mesas de negocia\u00e7\u00e3o do Acordo Coletivo de Trabalho (ACT) 2025-2026, a 5\u00aa reuni\u00e3o entre os Correios e as Federa\u00e7\u00f5es, realizada nesta quarta-feira (06\/08), teve como pauta central as \u201cGarantias das Mulheres Ecetistas\u201d.<\/p>\n\n\n\n<p>A condu\u00e7\u00e3o do debate foi feita pela assessora especial da Presid\u00eancia, Vilma Reis, que tamb\u00e9m coordena o Grupo de Trabalho sobre equidade de g\u00eanero e ra\u00e7a na empresa. Um dos destaques da reuni\u00e3o foi a apresenta\u00e7\u00e3o da assessora da Diretoria de Gest\u00e3o de Pessoas (DIGEP), \u00c2ngela Rosa, que detalhou como os Correios implementaram as cl\u00e1usulas do ACT 2024\/2025, demonstrando o compromisso com a efetiva\u00e7\u00e3o das conquistas da categoria.<\/p>\n\n\n\n<p>As representantes dos Correios tamb\u00e9m ressaltaram que, al\u00e9m dos avan\u00e7os j\u00e1 consolidadas nos \u00faltimos acordos coletivos, a empresa tem fortalecido seu compromisso por meio de importantes projetos sociais. Foram destacadas iniciativas como o projeto \u201cCorreios na Comunidade\u201d, focado na forma\u00e7\u00e3o de mulheres negras empreendedoras, e a expans\u00e3o dos \u201cPontos de Coleta\u201d, que visa atender mulheres em \u00e1reas de maior vulnerabilidade.<\/p>\n\n\n\n<p>Tamb\u00e9m foi ressaltado o programa \u201cMulheres Negras Empreendedoras\u201d, uma parceria com o SEBRAE que qualifica mulheres da periferia para o sucesso em seus neg\u00f3cios, incentivando o uso do marketplace \u201cMais Correios\u201d para alavancar suas vendas.<\/p>\n\n\n\n<p>Com essas a\u00e7\u00f5es, a empresa demonstrou que sua pol\u00edtica de valoriza\u00e7\u00e3o das mulheres \u00e9 ampla e vai al\u00e9m do ACT, refor\u00e7ando o respeito e o compromisso com a equidade em toda a sociedade.<\/p>\n\n\n\n<p>Al\u00e9m das mulheres j\u00e1 citadas, fizeram parte da composi\u00e7\u00e3o da mesa de negocia\u00e7\u00f5es pelos Correios as empregadas Isadora Rodrigues, Denise Pinto e Elisangela Maria, com 100% de mulheres na condu\u00e7\u00e3o da mesa de negocia\u00e7\u00e3o por parte da Empresa.<\/p>\n\n\n\n<p><strong>CALEND\u00c1RIO<\/strong><\/p>\n\n\n\n<p>Pr\u00f3xima reuni\u00e3o: 7 de agosto<br>Tema: Garantias das mulheres ecetistas<\/p>\n","protected":false},"excerpt":{"rendered":"<p>Dando continuidade \u00e0s mesas de negocia\u00e7\u00e3o do Acordo Coletivo de Trabalho (ACT) 2025-2026, a 5\u00aa reuni\u00e3o entre os Correios e as Federa\u00e7\u00f5es, realizada nesta quarta-feira (06\/08), teve como pauta central as \u201cGarantias das Mulheres Ecetistas\u201d. A condu\u00e7\u00e3o do debate foi &hellip; <a href=\"https:\/\/blog.correios.com.br\/acordocoletivo\/?p=5425\">Continue lendo <span class=\"meta-nav\">&rarr;<\/span><\/a><\/p>\n","protected":false},"author":44,"featured_media":0,"comment_status":"closed","ping_status":"open","sticky":false,"template":"","format":"standard","meta":{"footnotes":""},"categories":[14],"tags":[],"class_list":["post-5425","post","type-post","status-publish","format-standard","hentry","category-acordo-coletivo"],"_links":{"self":[{"href":"https:\/\/blog.correios.com.br\/acordocoletivo\/index.php?rest_route=\/wp\/v2\/posts\/5425","targetHints":{"allow":["GET"]}}],"collection":[{"href":"https:\/\/blog.correios.com.br\/acordocoletivo\/index.php?rest_route=\/wp\/v2\/posts"}],"about":[{"href":"https:\/\/blog.correios.com.br\/acordocoletivo\/index.php?rest_route=\/wp\/v2\/types\/post"}],"author":[{"embeddable":true,"href":"https:\/\/blog.correios.com.br\/acordocoletivo\/index.php?rest_route=\/wp\/v2\/users\/44"}],"replies":[{"embeddable":true,"href":"https:\/\/blog.correios.com.br\/acordocoletivo\/index.php?rest_route=%2Fwp%2Fv2%2Fcomments&post=5425"}],"version-history":[{"count":1,"href":"https:\/\/blog.correios.com.br\/acordocoletivo\/index.php?rest_route=\/wp\/v2\/posts\/5425\/revisions"}],"predecessor-version":[{"id":5426,"href":"https:\/\/blog.correios.com.br\/acordocoletivo\/index.php?rest_route=\/wp\/v2\/posts\/5425\/revisions\/5426"}],"wp:attachment":[{"href":"https:\/\/blog.correios.com.br\/acordocoletivo\/index.php?rest_route=%2Fwp%2Fv2%2Fmedia&parent=5425"}],"wp:term":[{"taxonomy":"category","embeddable":true,"href":"https:\/\/blog.correios.com.br\/acordocoletivo\/index.php?rest_route=%2Fwp%2Fv2%2Fcategories&post=5425"},{"taxonomy":"post_tag","embeddable":true,"href":"https:\/\/blog.correios.com.br\/acordocoletivo\/index.php?rest_route=%2Fwp%2Fv2%2Ftags&post=5425"}],"curies":[{"name":"wp","href":"https:\/\/api.w.org\/{rel}","templated":true}]}}