{"id":5432,"date":"2025-09-09T17:45:38","date_gmt":"2025-09-09T20:45:38","guid":{"rendered":"https:\/\/blog.correios.com.br\/acordocoletivo\/?p=5432"},"modified":"2025-09-11T21:52:27","modified_gmt":"2025-09-12T00:52:27","slug":"correios-e-federacoes-retomam-mesa-de-negociacao","status":"publish","type":"post","link":"https:\/\/blog.correios.com.br\/acordocoletivo\/?p=5432","title":{"rendered":"Correios e federa\u00e7\u00f5es retomam mesa de negocia\u00e7\u00e3o"},"content":{"rendered":"\n<p>Nesta ter\u00e7a-feira (9), foram retomadas as reuni\u00f5es do Acordo Coletivo de Trabalho &#8211; ACT 2025\/2026. Na ocasi\u00e3o, foram relembrados os pontos apresentados nos encontros anteriores, tais como o plano de reestrutura\u00e7\u00e3o da empresa e o financiamento pleiteado junto ao NDB, al\u00e9m das discuss\u00f5es sobre cl\u00e1usulas sociais.<\/p>\n\n\n\n<p>A empresa, por meio da Diretoria de Gest\u00e3o de Pessoas (DIGEP), refor\u00e7ou que vai propor ajustes nas cl\u00e1usulas, dentro do que for poss\u00edvel avan\u00e7ar, considerando o cen\u00e1rio atual da estatal: redu\u00e7\u00e3o de receitas, principalmente em fun\u00e7\u00e3o da taxa\u00e7\u00e3o das encomendas internacionais, bem como perda da exclusividade e aumento dos passivos trabalhistas, em um momento que a empresa buscava investimentos em inova\u00e7\u00e3o e tecnologia.<\/p>\n\n\n\n<p>Os representantes dos Correios lembraram, ainda, que, se n\u00e3o houver atua\u00e7\u00e3o de forma conjunta, a negocia\u00e7\u00e3o n\u00e3o avan\u00e7a. &#8220;N\u00f3s n\u00e3o estamos em lados opostos, somos respons\u00e1veis por construir um acordo que atenda tanto as trabalhadoras e os trabalhadores, quanto a empresa. Somente com di\u00e1logo vamos conseguir reerguer os Correios\u201d, afirmou o superintendente executivo de Gest\u00e3o de Pessoas, Alexandre Vidor.<\/p>\n\n\n\n<p>Para esta quarta e quinta-feira, 10 e 11 de setembro, ficou acordada a discuss\u00e3o sobre as condi\u00e7\u00f5es de trabalho. Ao fim dessa rodada, ser\u00e1 definido o cronograma das pr\u00f3ximas reuni\u00f5es.<\/p>\n\n\n\n<p>Importante ressaltar que o Acordo vigente est\u00e1 prorrogado at\u00e9 30 de setembro de 2025.<\/p>\n\n\n\n<p>A empresa reitera que segue aberta ao di\u00e1logo com as representa\u00e7\u00f5es das empregadas e dos empregados, com o intuito de garantir o melhor acordo para todas e todos.<\/p>\n","protected":false},"excerpt":{"rendered":"<p>Nesta ter\u00e7a-feira (9), foram retomadas as reuni\u00f5es do Acordo Coletivo de Trabalho &#8211; ACT 2025\/2026. Na ocasi\u00e3o, foram relembrados os pontos apresentados nos encontros anteriores, tais como o plano de reestrutura\u00e7\u00e3o da empresa e o financiamento pleiteado junto ao NDB, &hellip; <a href=\"https:\/\/blog.correios.com.br\/acordocoletivo\/?p=5432\">Continue lendo <span class=\"meta-nav\">&rarr;<\/span><\/a><\/p>\n","protected":false},"author":44,"featured_media":0,"comment_status":"closed","ping_status":"open","sticky":false,"template":"","format":"standard","meta":{"footnotes":""},"categories":[14],"tags":[147],"class_list":["post-5432","post","type-post","status-publish","format-standard","hentry","category-acordo-coletivo","tag-act-2025-2026"],"_links":{"self":[{"href":"https:\/\/blog.correios.com.br\/acordocoletivo\/index.php?rest_route=\/wp\/v2\/posts\/5432","targetHints":{"allow":["GET"]}}],"collection":[{"href":"https:\/\/blog.correios.com.br\/acordocoletivo\/index.php?rest_route=\/wp\/v2\/posts"}],"about":[{"href":"https:\/\/blog.correios.com.br\/acordocoletivo\/index.php?rest_route=\/wp\/v2\/types\/post"}],"author":[{"embeddable":true,"href":"https:\/\/blog.correios.com.br\/acordocoletivo\/index.php?rest_route=\/wp\/v2\/users\/44"}],"replies":[{"embeddable":true,"href":"https:\/\/blog.correios.com.br\/acordocoletivo\/index.php?rest_route=%2Fwp%2Fv2%2Fcomments&post=5432"}],"version-history":[{"count":1,"href":"https:\/\/blog.correios.com.br\/acordocoletivo\/index.php?rest_route=\/wp\/v2\/posts\/5432\/revisions"}],"predecessor-version":[{"id":5433,"href":"https:\/\/blog.correios.com.br\/acordocoletivo\/index.php?rest_route=\/wp\/v2\/posts\/5432\/revisions\/5433"}],"wp:attachment":[{"href":"https:\/\/blog.correios.com.br\/acordocoletivo\/index.php?rest_route=%2Fwp%2Fv2%2Fmedia&parent=5432"}],"wp:term":[{"taxonomy":"category","embeddable":true,"href":"https:\/\/blog.correios.com.br\/acordocoletivo\/index.php?rest_route=%2Fwp%2Fv2%2Fcategories&post=5432"},{"taxonomy":"post_tag","embeddable":true,"href":"https:\/\/blog.correios.com.br\/acordocoletivo\/index.php?rest_route=%2Fwp%2Fv2%2Ftags&post=5432"}],"curies":[{"name":"wp","href":"https:\/\/api.w.org\/{rel}","templated":true}]}}