{"id":5457,"date":"2025-12-03T18:31:42","date_gmt":"2025-12-03T21:31:42","guid":{"rendered":"https:\/\/blog.correios.com.br\/acordocoletivo\/?p=5457"},"modified":"2025-12-03T18:31:42","modified_gmt":"2025-12-03T21:31:42","slug":"correios-reafirma-compromisso-com-dialogo-e-prorroga-act-ate-15-12","status":"publish","type":"post","link":"https:\/\/blog.correios.com.br\/acordocoletivo\/?p=5457","title":{"rendered":"Correios reafirma compromisso com di\u00e1logo e prorroga ACT at\u00e9 15\/12"},"content":{"rendered":"\n<p>Para garantir tranquilidade a todos os empregados enquanto as negocia\u00e7\u00f5es do ACT avan\u00e7am, a empresa prorrogou o Acordo Coletivo de Trabalho 2024\/2025 at\u00e9 15 de dezembro. Assim, todos os direitos seguem garantidos durante esse per\u00edodo.<\/p>\n\n\n\n<p>A \u00fanica exce\u00e7\u00e3o \u00e9 o \u00a72\u00ba da Cl\u00e1usula 55 (VA\/VR). Isso acontece porque o cr\u00e9dito extra previsto nessa cl\u00e1usula j\u00e1 foi totalmente pago, dentro do prazo, sem nenhum preju\u00edzo para as trabalhadoras e trabalhadores.<\/p>\n\n\n\n<p><strong>O que vem agora<\/strong><\/p>\n\n\n\n<p>Depois das assembleias do dia 2 de dezembro, que decidiram continuar negociando, ficou marcada uma nova rodada de negocia\u00e7\u00e3o para 9 de dezembro.<\/p>\n\n\n\n<p>Nessa reuni\u00e3o, os Correios v\u00e3o apresentar propostas objetivas sobre cl\u00e1usulas econ\u00f4micas, benef\u00edcios e pontos importantes da opera\u00e7\u00e3o, como distribui\u00e7\u00e3o domicili\u00e1ria e redimensionamento de carga.<\/p>\n\n\n\n<p><strong>Momento pede uni\u00e3o<\/strong><\/p>\n\n\n\n<p>O cen\u00e1rio financeiro da empresa exige cuidado e decis\u00f5es que garantam a continuidade dos servi\u00e7os. Uma paralisa\u00e7\u00e3o agora poderia agravar a situa\u00e7\u00e3o e trazer impactos para todos, empresa, trabalhadores e popula\u00e7\u00e3o.<\/p>\n\n\n\n<p>Por isso, os Correios contam com cada empregada e empregado para manter a opera\u00e7\u00e3o funcionando e seguir atendendo o Brasil. Estamos trabalhando para chegar ao melhor acordo poss\u00edvel, com di\u00e1logo, bom senso e transpar\u00eancia.<\/p>\n\n\n\n<p>Vamos juntos.<\/p>\n","protected":false},"excerpt":{"rendered":"<p>Para garantir tranquilidade a todos os empregados enquanto as negocia\u00e7\u00f5es do ACT avan\u00e7am, a empresa prorrogou o Acordo Coletivo de Trabalho 2024\/2025 at\u00e9 15 de dezembro. Assim, todos os direitos seguem garantidos durante esse per\u00edodo. A \u00fanica exce\u00e7\u00e3o \u00e9 o &hellip; <a href=\"https:\/\/blog.correios.com.br\/acordocoletivo\/?p=5457\">Continue lendo <span class=\"meta-nav\">&rarr;<\/span><\/a><\/p>\n","protected":false},"author":44,"featured_media":0,"comment_status":"closed","ping_status":"open","sticky":false,"template":"","format":"standard","meta":{"footnotes":""},"categories":[14],"tags":[],"class_list":["post-5457","post","type-post","status-publish","format-standard","hentry","category-acordo-coletivo"],"_links":{"self":[{"href":"https:\/\/blog.correios.com.br\/acordocoletivo\/index.php?rest_route=\/wp\/v2\/posts\/5457","targetHints":{"allow":["GET"]}}],"collection":[{"href":"https:\/\/blog.correios.com.br\/acordocoletivo\/index.php?rest_route=\/wp\/v2\/posts"}],"about":[{"href":"https:\/\/blog.correios.com.br\/acordocoletivo\/index.php?rest_route=\/wp\/v2\/types\/post"}],"author":[{"embeddable":true,"href":"https:\/\/blog.correios.com.br\/acordocoletivo\/index.php?rest_route=\/wp\/v2\/users\/44"}],"replies":[{"embeddable":true,"href":"https:\/\/blog.correios.com.br\/acordocoletivo\/index.php?rest_route=%2Fwp%2Fv2%2Fcomments&post=5457"}],"version-history":[{"count":1,"href":"https:\/\/blog.correios.com.br\/acordocoletivo\/index.php?rest_route=\/wp\/v2\/posts\/5457\/revisions"}],"predecessor-version":[{"id":5459,"href":"https:\/\/blog.correios.com.br\/acordocoletivo\/index.php?rest_route=\/wp\/v2\/posts\/5457\/revisions\/5459"}],"wp:attachment":[{"href":"https:\/\/blog.correios.com.br\/acordocoletivo\/index.php?rest_route=%2Fwp%2Fv2%2Fmedia&parent=5457"}],"wp:term":[{"taxonomy":"category","embeddable":true,"href":"https:\/\/blog.correios.com.br\/acordocoletivo\/index.php?rest_route=%2Fwp%2Fv2%2Fcategories&post=5457"},{"taxonomy":"post_tag","embeddable":true,"href":"https:\/\/blog.correios.com.br\/acordocoletivo\/index.php?rest_route=%2Fwp%2Fv2%2Ftags&post=5457"}],"curies":[{"name":"wp","href":"https:\/\/api.w.org\/{rel}","templated":true}]}}