{"id":5460,"date":"2025-12-09T23:25:45","date_gmt":"2025-12-10T02:25:45","guid":{"rendered":"https:\/\/blog.correios.com.br\/acordocoletivo\/?p=5460"},"modified":"2025-12-09T23:25:45","modified_gmt":"2025-12-10T02:25:45","slug":"act-2025-2026-empresa-apresenta-primeira-parte-da-proposta-e-mantem-dialogo-aberto","status":"publish","type":"post","link":"https:\/\/blog.correios.com.br\/acordocoletivo\/?p=5460","title":{"rendered":"ACT 2025\/2026: empresa apresenta primeira parte da proposta e mant\u00e9m di\u00e1logo aberto"},"content":{"rendered":"\n<p>Os Correios realizaram, nesta ter\u00e7a-feira (9\/12), mais uma rodada de negocia\u00e7\u00f5es do Acordo Coletivo de Trabalho (ACT) 2025\/2026 com as representa\u00e7\u00f5es sindicais. Na ocasi\u00e3o, a empresa avan\u00e7ou na apresenta\u00e7\u00e3o de cl\u00e1usulas trabalhistas, com a proposta de manuten\u00e7\u00e3o de benef\u00edcios j\u00e1 previstos no ACT vigente, como reembolso-creche, adiantamento de f\u00e9rias, gratifica\u00e7\u00e3o natalina e quebra de caixa, entre outros.<\/p>\n\n\n\n<p>A empresa refor\u00e7a que seu posicionamento permanece alinhado ao que j\u00e1 vinha sendo discutido na mesa de negocia\u00e7\u00e3o. Dessa forma, as propostas apresentadas seguem orientadas pela atual situa\u00e7\u00e3o da empresa e focadas na preserva\u00e7\u00e3o da sustentabilidade do neg\u00f3cio e dos empregos.<\/p>\n\n\n\n<p>Ou seja: n\u00e3o h\u00e1 novidades ou mudan\u00e7as em rela\u00e7\u00e3o ao que a empresa j\u00e1 vinha sinalizando \u00e0s representa\u00e7\u00f5es sindicais, at\u00e9 porque o cen\u00e1rio econ\u00f4mico-financeiro permanece desafiador e a recupera\u00e7\u00e3o n\u00e3o ser\u00e1 imediata.<\/p>\n\n\n\n<p>A segunda parte da proposta, referente aos demais temas econ\u00f4micos e sociais, ser\u00e1 apresentada nesta quarta-feira (10\/12), conforme previamente acordado em mesa.<\/p>\n\n\n\n<p>Os Correios confiam que o caminho do di\u00e1logo e da compreens\u00e3o, frente ao cen\u00e1rio vivido, segue sendo a melhor alternativa para a constru\u00e7\u00e3o de solu\u00e7\u00f5es equilibradas e respons\u00e1veis.<\/p>\n","protected":false},"excerpt":{"rendered":"<p>Os Correios realizaram, nesta ter\u00e7a-feira (9\/12), mais uma rodada de negocia\u00e7\u00f5es do Acordo Coletivo de Trabalho (ACT) 2025\/2026 com as representa\u00e7\u00f5es sindicais. Na ocasi\u00e3o, a empresa avan\u00e7ou na apresenta\u00e7\u00e3o de cl\u00e1usulas trabalhistas, com a proposta de manuten\u00e7\u00e3o de benef\u00edcios j\u00e1 &hellip; <a href=\"https:\/\/blog.correios.com.br\/acordocoletivo\/?p=5460\">Continue lendo <span class=\"meta-nav\">&rarr;<\/span><\/a><\/p>\n","protected":false},"author":51,"featured_media":0,"comment_status":"closed","ping_status":"open","sticky":false,"template":"","format":"standard","meta":{"footnotes":""},"categories":[14],"tags":[],"class_list":["post-5460","post","type-post","status-publish","format-standard","hentry","category-acordo-coletivo"],"_links":{"self":[{"href":"https:\/\/blog.correios.com.br\/acordocoletivo\/index.php?rest_route=\/wp\/v2\/posts\/5460","targetHints":{"allow":["GET"]}}],"collection":[{"href":"https:\/\/blog.correios.com.br\/acordocoletivo\/index.php?rest_route=\/wp\/v2\/posts"}],"about":[{"href":"https:\/\/blog.correios.com.br\/acordocoletivo\/index.php?rest_route=\/wp\/v2\/types\/post"}],"author":[{"embeddable":true,"href":"https:\/\/blog.correios.com.br\/acordocoletivo\/index.php?rest_route=\/wp\/v2\/users\/51"}],"replies":[{"embeddable":true,"href":"https:\/\/blog.correios.com.br\/acordocoletivo\/index.php?rest_route=%2Fwp%2Fv2%2Fcomments&post=5460"}],"version-history":[{"count":1,"href":"https:\/\/blog.correios.com.br\/acordocoletivo\/index.php?rest_route=\/wp\/v2\/posts\/5460\/revisions"}],"predecessor-version":[{"id":5461,"href":"https:\/\/blog.correios.com.br\/acordocoletivo\/index.php?rest_route=\/wp\/v2\/posts\/5460\/revisions\/5461"}],"wp:attachment":[{"href":"https:\/\/blog.correios.com.br\/acordocoletivo\/index.php?rest_route=%2Fwp%2Fv2%2Fmedia&parent=5460"}],"wp:term":[{"taxonomy":"category","embeddable":true,"href":"https:\/\/blog.correios.com.br\/acordocoletivo\/index.php?rest_route=%2Fwp%2Fv2%2Fcategories&post=5460"},{"taxonomy":"post_tag","embeddable":true,"href":"https:\/\/blog.correios.com.br\/acordocoletivo\/index.php?rest_route=%2Fwp%2Fv2%2Ftags&post=5460"}],"curies":[{"name":"wp","href":"https:\/\/api.w.org\/{rel}","templated":true}]}}