{"id":5462,"date":"2025-12-10T22:03:57","date_gmt":"2025-12-11T01:03:57","guid":{"rendered":"https:\/\/blog.correios.com.br\/acordocoletivo\/?p=5462"},"modified":"2025-12-10T22:03:57","modified_gmt":"2025-12-11T01:03:57","slug":"act-2025-2026-nova-etapa-de-negociacoes","status":"publish","type":"post","link":"https:\/\/blog.correios.com.br\/acordocoletivo\/?p=5462","title":{"rendered":"ACT 2025\/2026: nova etapa de negocia\u00e7\u00f5es"},"content":{"rendered":"\n<p>Nesta quarta-feira (10\/12), representantes dos Correios e das entidades sindicais se reuniram na Secretaria-Geral da Presid\u00eancia da Rep\u00fablica para avan\u00e7ar nas negocia\u00e7\u00f5es do ACT 2025\/2026. Conduzido pelo Ministro Guilherme Boulos, o encontro consolidou um movimento de di\u00e1logo respons\u00e1vel, voltado \u00e0 constru\u00e7\u00e3o de uma solu\u00e7\u00e3o equilibrada e compat\u00edvel com o cen\u00e1rio atual da empresa.<\/p>\n\n\n\n<p>Na ter\u00e7a-feira (9\/12), a empresa j\u00e1 havia apresentado \u00e0s representa\u00e7\u00f5es sindicais a proposta referente \u00e0s cl\u00e1usulas de benef\u00edcios, preservando a maior parte dos aux\u00edlios, como creche\/bab\u00e1, aux\u00edlio especial e abono acompanhante. Os ajustes sugeridos seguem o compromisso de conciliar a prote\u00e7\u00e3o aos empregados com a necessidade de manter sustentabilidade financeira e condi\u00e7\u00f5es adequadas de trabalho.<\/p>\n\n\n\n<p>Para dar continuidade ao processo, o Tribunal Superior do Trabalho (TST) realizar\u00e1 nesta quinta-feira (11\/12), \u00e0s 9h, uma sess\u00e3o de media\u00e7\u00e3o. A empresa considera essa a via mais segura para estabilizar as tratativas e evitar a abertura de um diss\u00eddio coletivo, que agravaria a complexidade do cen\u00e1rio atual.<\/p>\n\n\n\n<p>Os Correios atravessam um per\u00edodo decisivo. A implementa\u00e7\u00e3o do Plano de Reestrutura\u00e7\u00e3o \u00e9 fundamental para proteger a empresa, preservar empregos e assegurar a continuidade de um servi\u00e7o p\u00fablico essencial para milh\u00f5es de brasileiros. Com lideran\u00e7a, responsabilidade e foco na sustentabilidade, seguimos conduzindo as decis\u00f5es necess\u00e1rias para fortalecer o futuro da empresa.<\/p>\n\n\n\n<p><\/p>\n","protected":false},"excerpt":{"rendered":"<p>Nesta quarta-feira (10\/12), representantes dos Correios e das entidades sindicais se reuniram na Secretaria-Geral da Presid\u00eancia da Rep\u00fablica para avan\u00e7ar nas negocia\u00e7\u00f5es do ACT 2025\/2026. Conduzido pelo Ministro Guilherme Boulos, o encontro consolidou um movimento de di\u00e1logo respons\u00e1vel, voltado \u00e0 &hellip; <a href=\"https:\/\/blog.correios.com.br\/acordocoletivo\/?p=5462\">Continue lendo <span class=\"meta-nav\">&rarr;<\/span><\/a><\/p>\n","protected":false},"author":51,"featured_media":0,"comment_status":"closed","ping_status":"open","sticky":false,"template":"","format":"standard","meta":{"footnotes":""},"categories":[14],"tags":[],"class_list":["post-5462","post","type-post","status-publish","format-standard","hentry","category-acordo-coletivo"],"_links":{"self":[{"href":"https:\/\/blog.correios.com.br\/acordocoletivo\/index.php?rest_route=\/wp\/v2\/posts\/5462","targetHints":{"allow":["GET"]}}],"collection":[{"href":"https:\/\/blog.correios.com.br\/acordocoletivo\/index.php?rest_route=\/wp\/v2\/posts"}],"about":[{"href":"https:\/\/blog.correios.com.br\/acordocoletivo\/index.php?rest_route=\/wp\/v2\/types\/post"}],"author":[{"embeddable":true,"href":"https:\/\/blog.correios.com.br\/acordocoletivo\/index.php?rest_route=\/wp\/v2\/users\/51"}],"replies":[{"embeddable":true,"href":"https:\/\/blog.correios.com.br\/acordocoletivo\/index.php?rest_route=%2Fwp%2Fv2%2Fcomments&post=5462"}],"version-history":[{"count":1,"href":"https:\/\/blog.correios.com.br\/acordocoletivo\/index.php?rest_route=\/wp\/v2\/posts\/5462\/revisions"}],"predecessor-version":[{"id":5463,"href":"https:\/\/blog.correios.com.br\/acordocoletivo\/index.php?rest_route=\/wp\/v2\/posts\/5462\/revisions\/5463"}],"wp:attachment":[{"href":"https:\/\/blog.correios.com.br\/acordocoletivo\/index.php?rest_route=%2Fwp%2Fv2%2Fmedia&parent=5462"}],"wp:term":[{"taxonomy":"category","embeddable":true,"href":"https:\/\/blog.correios.com.br\/acordocoletivo\/index.php?rest_route=%2Fwp%2Fv2%2Fcategories&post=5462"},{"taxonomy":"post_tag","embeddable":true,"href":"https:\/\/blog.correios.com.br\/acordocoletivo\/index.php?rest_route=%2Fwp%2Fv2%2Ftags&post=5462"}],"curies":[{"name":"wp","href":"https:\/\/api.w.org\/{rel}","templated":true}]}}