{"id":5464,"date":"2025-12-12T08:53:23","date_gmt":"2025-12-12T11:53:23","guid":{"rendered":"https:\/\/blog.correios.com.br\/acordocoletivo\/?p=5464"},"modified":"2025-12-12T09:23:56","modified_gmt":"2025-12-12T12:23:56","slug":"act-2025-2026-correios-aceitam-prorrogar-acordo-ate-fevereiro-assembleias-decidem-no-dia-16","status":"publish","type":"post","link":"https:\/\/blog.correios.com.br\/acordocoletivo\/?p=5464","title":{"rendered":"ACT 2025\/2026: Correios aceita prorrogar acordo vigente at\u00e9 fevereiro; assembleias decidem no dia 16"},"content":{"rendered":"\n<p>Em uma sess\u00e3o marcada pela disposi\u00e7\u00e3o real de construir consensos, os Correios aceitaram, nesta quinta-feira (11), a proposta apresentada pelo Tribunal Superior do Trabalho (TST), para prorrogar o Acordo Coletivo de Trabalho (ACT) 2024-2025 at\u00e9 28 de fevereiro de 2026.<\/p>\n\n\n\n<p>A medida refor\u00e7a o compromisso da empresa com a estabilidade, a transpar\u00eancia e a constru\u00e7\u00e3o respons\u00e1vel de solu\u00e7\u00f5es que preservem os direitos e assegurem a continuidade das negocia\u00e7\u00f5es.<\/p>\n\n\n\n<p>Agora, o processo segue para a etapa decisiva: as assembleias das bases sindicais, marcadas para o dia 16 de dezembro, quando a proposta ser\u00e1 avaliada pelos trabalhadores. A aprova\u00e7\u00e3o pelas bases \u00e9 essencial para confirmar a prorroga\u00e7\u00e3o e permitir que as negocia\u00e7\u00f5es continuem at\u00e9 fevereiro.<\/p>\n\n\n\n<p>A empresa acompanha essa etapa com confian\u00e7a e acredita que a decis\u00e3o refletir\u00e1 o compromisso de todos com a estabilidade, o bom senso e o futuro dos Correios.<\/p>\n\n\n\n<p>Com a prorroga\u00e7\u00e3o, todos os direitos previstos no ACT vigente permanecem assegurados at\u00e9 28\/2, dentre eles o aux\u00edlio creche\/bab\u00e1, aux\u00edlio-especial, quebra de caixa, situa\u00e7\u00e3o de calamidade p\u00fablica, 70% de f\u00e9rias, dentre outros. A \u00fanica exce\u00e7\u00e3o s\u00e3o os \u00a7\u00a7 2\u00ba e 9\u00ba da Cl\u00e1usula 55 (VA\/VR), que n\u00e3o ser\u00e1 renovada porque o cr\u00e9dito extra previsto j\u00e1 foi integralmente pago \u2014 no prazo, em sua totalidade e sem qualquer impacto para os empregados.<\/p>\n\n\n\n<p>Ao aceitar a proposi\u00e7\u00e3o do TST, os Correios cedem em favor da estabilidade institucional, evitando rupturas e garantindo um ambiente seguro para que as negocia\u00e7\u00f5es avancem com profundidade, responsabilidade e media\u00e7\u00e3o qualificada. O novo prazo permitir\u00e1 tratar com rigor t\u00e9cnico os temas econ\u00f4micos que ainda exigem estudo detalhado, especialmente aqueles relacionados aos efeitos da infla\u00e7\u00e3o e ao equil\u00edbrio financeiro do ACT. Tamb\u00e9m permitir\u00e1 avaliar, com mais clareza, pontos que seguem em discuss\u00e3o, como o ticket-extra.<\/p>\n\n\n\n<p>A empresa refor\u00e7a que, dadas as condi\u00e7\u00f5es financeiras atuais, n\u00e3o h\u00e1 possibilidade imediata de assumir esse custo. No entanto, nenhum tema est\u00e1 automaticamente encerrado: conforme a evolu\u00e7\u00e3o dos cen\u00e1rios e dos estudos, quest\u00f5es espec\u00edficas poder\u00e3o ser revisitadas no \u00e2mbito da media\u00e7\u00e3o do TST.<\/p>\n\n\n\n<p>\u201cA responsabilidade que se coloca agora \u00e9 coletiva: encontrar um equil\u00edbrio que preserve direitos fundamentais, assegure a continuidade da empresa e construa um ACT compat\u00edvel com a realidade. \u00c9 esse o compromisso dos Correios, transparente, respons\u00e1vel e orientado pela prote\u00e7\u00e3o do trabalho e da institui\u00e7\u00e3o\u201d, destacou a diretora de gest\u00e3o de pessoas, Nat\u00e1lia Mota.<\/p>\n\n\n\n<p>Os Correios tamb\u00e9m reconhecem e valorizam a abertura ao di\u00e1logo das representa\u00e7\u00f5es sindicais, que t\u00eam participado das tratativas de forma respons\u00e1vel e construtiva. Essa postura refor\u00e7a a confian\u00e7a na consci\u00eancia coletiva das trabalhadoras e dos trabalhadores, parceiros fundamentais na recupera\u00e7\u00e3o e no futuro dos Correios.<\/p>\n\n\n\n<p>Ap\u00f3s as assembleias do dia 16\/12, os Correios seguir\u00e3o acompanhando os desdobramentos, mantendo a mesa aberta com total disposi\u00e7\u00e3o para avan\u00e7ar de forma t\u00e9cnica, respons\u00e1vel e mediada pelo TST.<\/p>\n\n\n\n<p>Neste momento, mais do que nunca, empresa, empregados e representa\u00e7\u00f5es devem seguir lado a lado, unidos pelo prop\u00f3sito de reconstruir os Correios e garantir a continuidade de um servi\u00e7o essencial ao pa\u00eds.<\/p>\n\n\n\n<p><\/p>\n","protected":false},"excerpt":{"rendered":"<p>Em uma sess\u00e3o marcada pela disposi\u00e7\u00e3o real de construir consensos, os Correios aceitaram, nesta quinta-feira (11), a proposta apresentada pelo Tribunal Superior do Trabalho (TST), para prorrogar o Acordo Coletivo de Trabalho (ACT) 2024-2025 at\u00e9 28 de fevereiro de 2026. &hellip; <a href=\"https:\/\/blog.correios.com.br\/acordocoletivo\/?p=5464\">Continue lendo <span class=\"meta-nav\">&rarr;<\/span><\/a><\/p>\n","protected":false},"author":55,"featured_media":0,"comment_status":"closed","ping_status":"open","sticky":false,"template":"","format":"standard","meta":{"footnotes":""},"categories":[14],"tags":[],"class_list":["post-5464","post","type-post","status-publish","format-standard","hentry","category-acordo-coletivo"],"_links":{"self":[{"href":"https:\/\/blog.correios.com.br\/acordocoletivo\/index.php?rest_route=\/wp\/v2\/posts\/5464","targetHints":{"allow":["GET"]}}],"collection":[{"href":"https:\/\/blog.correios.com.br\/acordocoletivo\/index.php?rest_route=\/wp\/v2\/posts"}],"about":[{"href":"https:\/\/blog.correios.com.br\/acordocoletivo\/index.php?rest_route=\/wp\/v2\/types\/post"}],"author":[{"embeddable":true,"href":"https:\/\/blog.correios.com.br\/acordocoletivo\/index.php?rest_route=\/wp\/v2\/users\/55"}],"replies":[{"embeddable":true,"href":"https:\/\/blog.correios.com.br\/acordocoletivo\/index.php?rest_route=%2Fwp%2Fv2%2Fcomments&post=5464"}],"version-history":[{"count":3,"href":"https:\/\/blog.correios.com.br\/acordocoletivo\/index.php?rest_route=\/wp\/v2\/posts\/5464\/revisions"}],"predecessor-version":[{"id":5467,"href":"https:\/\/blog.correios.com.br\/acordocoletivo\/index.php?rest_route=\/wp\/v2\/posts\/5464\/revisions\/5467"}],"wp:attachment":[{"href":"https:\/\/blog.correios.com.br\/acordocoletivo\/index.php?rest_route=%2Fwp%2Fv2%2Fmedia&parent=5464"}],"wp:term":[{"taxonomy":"category","embeddable":true,"href":"https:\/\/blog.correios.com.br\/acordocoletivo\/index.php?rest_route=%2Fwp%2Fv2%2Fcategories&post=5464"},{"taxonomy":"post_tag","embeddable":true,"href":"https:\/\/blog.correios.com.br\/acordocoletivo\/index.php?rest_route=%2Fwp%2Fv2%2Ftags&post=5464"}],"curies":[{"name":"wp","href":"https:\/\/api.w.org\/{rel}","templated":true}]}}