{"id":5468,"date":"2025-12-15T21:03:39","date_gmt":"2025-12-16T00:03:39","guid":{"rendered":"https:\/\/blog.correios.com.br\/acordocoletivo\/?p=5468"},"modified":"2025-12-15T21:03:39","modified_gmt":"2025-12-16T00:03:39","slug":"nova-rodada-de-conciliacao-e-marcada-para-esta-terca-16","status":"publish","type":"post","link":"https:\/\/blog.correios.com.br\/acordocoletivo\/?p=5468","title":{"rendered":"Nova rodada de concilia\u00e7\u00e3o \u00e9 marcada para esta ter\u00e7a (16)"},"content":{"rendered":"\n<p>Em audi\u00eancia de concilia\u00e7\u00e3o na tarde desta segunda-feira (15), o Tribunal Superior do Trabalho (TST) informou que uma nova proposta para o ACT 2025\/2026 est\u00e1 em processo de constru\u00e7\u00e3o e dever\u00e1 ser apresentada na pr\u00f3xima rodada de negocia\u00e7\u00e3o, marcada para esta ter\u00e7a-feira (16), \u00e0s 11h.<\/p>\n\n\n\n<p>Durante a reuni\u00e3o, as partes deram continuidade \u00e0s tratativas, reafirmando o compromisso com a busca de um caminho negociado, que considere os interesses dos trabalhadores e a sustentabilidade econ\u00f4mico-financeira dos Correios. As discuss\u00f5es seguem em curso, dentro dos limites t\u00e9cnicos, legais e institucionais que orientam o processo.<\/p>\n\n\n\n<p>Ao final da reuni\u00e3o, a diretora de Pessoas dos Correios, Nat\u00e1lia Mota, agradeceu o empenho de todos e refor\u00e7ou a import\u00e2ncia do di\u00e1logo neste momento decisivo. \u201cEsse \u00e9 um tema que vai al\u00e9m das pessoas que est\u00e3o nesta mesa. Envolve muitas outras pessoas, e o desejo das duas partes \u00e9 chegar a um acordo. Acreditamos que, com di\u00e1logo e responsabilidade, isso ser\u00e1 poss\u00edvel\u201d, afirmou.<\/p>\n\n\n\n<p>Os Correios seguem atuando de forma coordenada e respons\u00e1vel para viabilizar avan\u00e7os no processo negocial do ACT 2025\/2026.<\/p>\n","protected":false},"excerpt":{"rendered":"<p>Em audi\u00eancia de concilia\u00e7\u00e3o na tarde desta segunda-feira (15), o Tribunal Superior do Trabalho (TST) informou que uma nova proposta para o ACT 2025\/2026 est\u00e1 em processo de constru\u00e7\u00e3o e dever\u00e1 ser apresentada na pr\u00f3xima rodada de negocia\u00e7\u00e3o, marcada para &hellip; <a href=\"https:\/\/blog.correios.com.br\/acordocoletivo\/?p=5468\">Continue lendo <span class=\"meta-nav\">&rarr;<\/span><\/a><\/p>\n","protected":false},"author":44,"featured_media":0,"comment_status":"closed","ping_status":"open","sticky":false,"template":"","format":"standard","meta":{"footnotes":""},"categories":[14],"tags":[],"class_list":["post-5468","post","type-post","status-publish","format-standard","hentry","category-acordo-coletivo"],"_links":{"self":[{"href":"https:\/\/blog.correios.com.br\/acordocoletivo\/index.php?rest_route=\/wp\/v2\/posts\/5468","targetHints":{"allow":["GET"]}}],"collection":[{"href":"https:\/\/blog.correios.com.br\/acordocoletivo\/index.php?rest_route=\/wp\/v2\/posts"}],"about":[{"href":"https:\/\/blog.correios.com.br\/acordocoletivo\/index.php?rest_route=\/wp\/v2\/types\/post"}],"author":[{"embeddable":true,"href":"https:\/\/blog.correios.com.br\/acordocoletivo\/index.php?rest_route=\/wp\/v2\/users\/44"}],"replies":[{"embeddable":true,"href":"https:\/\/blog.correios.com.br\/acordocoletivo\/index.php?rest_route=%2Fwp%2Fv2%2Fcomments&post=5468"}],"version-history":[{"count":1,"href":"https:\/\/blog.correios.com.br\/acordocoletivo\/index.php?rest_route=\/wp\/v2\/posts\/5468\/revisions"}],"predecessor-version":[{"id":5469,"href":"https:\/\/blog.correios.com.br\/acordocoletivo\/index.php?rest_route=\/wp\/v2\/posts\/5468\/revisions\/5469"}],"wp:attachment":[{"href":"https:\/\/blog.correios.com.br\/acordocoletivo\/index.php?rest_route=%2Fwp%2Fv2%2Fmedia&parent=5468"}],"wp:term":[{"taxonomy":"category","embeddable":true,"href":"https:\/\/blog.correios.com.br\/acordocoletivo\/index.php?rest_route=%2Fwp%2Fv2%2Fcategories&post=5468"},{"taxonomy":"post_tag","embeddable":true,"href":"https:\/\/blog.correios.com.br\/acordocoletivo\/index.php?rest_route=%2Fwp%2Fv2%2Ftags&post=5468"}],"curies":[{"name":"wp","href":"https:\/\/api.w.org\/{rel}","templated":true}]}}