{"id":5473,"date":"2025-12-17T16:23:23","date_gmt":"2025-12-17T19:23:23","guid":{"rendered":"https:\/\/blog.correios.com.br\/acordocoletivo\/?p=5473"},"modified":"2025-12-17T16:23:23","modified_gmt":"2025-12-17T19:23:23","slug":"act-2025-2026-atualizacao-pos-assembleias-e-situacao-da-operacao","status":"publish","type":"post","link":"https:\/\/blog.correios.com.br\/acordocoletivo\/?p=5473","title":{"rendered":"ACT 2025\/2026: atualiza\u00e7\u00e3o p\u00f3s-assembleias e situa\u00e7\u00e3o da opera\u00e7\u00e3o"},"content":{"rendered":"\n<p>Ap\u00f3s a realiza\u00e7\u00e3o das assembleias sindicais, na noite desta ter\u00e7a-feira (16), o cen\u00e1rio nacional apresenta um quadro de delibera\u00e7\u00f5es distintas entre as entidades representativas dos trabalhadores no contexto do Acordo Coletivo de Trabalho (ACT) 2025\/2026.<\/p>\n\n\n\n<p>Do total de 36 sindicatos, 24 n\u00e3o aderiram ao movimento de paralisa\u00e7\u00e3o. O monitoramento realizado nesta quarta-feira (17) indica que cerca 91% dos empregados seguem trabalhando normalmente, considerando o efetivo total da empresa.<\/p>\n\n\n\n<p>A paralisa\u00e7\u00e3o acontece de forma parcial e localizada, concentrada em 9 estados. A opera\u00e7\u00e3o nacional permanece majoritariamente em funcionamento, com impactos pontuais em unidades espec\u00edficas, sem comprometimento sist\u00eamico dos servi\u00e7os.<\/p>\n\n\n\n<p>Diante desse cen\u00e1rio, foi acionado o Plano de Continuidade do Neg\u00f3cio (PCN), que orienta as medidas operacionais e administrativas a serem adotadas para mitigar impactos, garantir a continuidade dos servi\u00e7os priorit\u00e1rios e apoiar a tomada de decis\u00e3o em todos os n\u00edveis da empresa. O cumprimento rigoroso das diretrizes do PCN \u00e9 essencial neste momento.<\/p>\n\n\n\n<p>Novas atualiza\u00e7\u00f5es ser\u00e3o divulgadas \u00e0 medida que os dados forem consolidados.<\/p>\n","protected":false},"excerpt":{"rendered":"<p>Ap\u00f3s a realiza\u00e7\u00e3o das assembleias sindicais, na noite desta ter\u00e7a-feira (16), o cen\u00e1rio nacional apresenta um quadro de delibera\u00e7\u00f5es distintas entre as entidades representativas dos trabalhadores no contexto do Acordo Coletivo de Trabalho (ACT) 2025\/2026. Do total de 36 sindicatos, &hellip; <a href=\"https:\/\/blog.correios.com.br\/acordocoletivo\/?p=5473\">Continue lendo <span class=\"meta-nav\">&rarr;<\/span><\/a><\/p>\n","protected":false},"author":44,"featured_media":0,"comment_status":"closed","ping_status":"open","sticky":false,"template":"","format":"standard","meta":{"footnotes":""},"categories":[14],"tags":[],"class_list":["post-5473","post","type-post","status-publish","format-standard","hentry","category-acordo-coletivo"],"_links":{"self":[{"href":"https:\/\/blog.correios.com.br\/acordocoletivo\/index.php?rest_route=\/wp\/v2\/posts\/5473","targetHints":{"allow":["GET"]}}],"collection":[{"href":"https:\/\/blog.correios.com.br\/acordocoletivo\/index.php?rest_route=\/wp\/v2\/posts"}],"about":[{"href":"https:\/\/blog.correios.com.br\/acordocoletivo\/index.php?rest_route=\/wp\/v2\/types\/post"}],"author":[{"embeddable":true,"href":"https:\/\/blog.correios.com.br\/acordocoletivo\/index.php?rest_route=\/wp\/v2\/users\/44"}],"replies":[{"embeddable":true,"href":"https:\/\/blog.correios.com.br\/acordocoletivo\/index.php?rest_route=%2Fwp%2Fv2%2Fcomments&post=5473"}],"version-history":[{"count":1,"href":"https:\/\/blog.correios.com.br\/acordocoletivo\/index.php?rest_route=\/wp\/v2\/posts\/5473\/revisions"}],"predecessor-version":[{"id":5474,"href":"https:\/\/blog.correios.com.br\/acordocoletivo\/index.php?rest_route=\/wp\/v2\/posts\/5473\/revisions\/5474"}],"wp:attachment":[{"href":"https:\/\/blog.correios.com.br\/acordocoletivo\/index.php?rest_route=%2Fwp%2Fv2%2Fmedia&parent=5473"}],"wp:term":[{"taxonomy":"category","embeddable":true,"href":"https:\/\/blog.correios.com.br\/acordocoletivo\/index.php?rest_route=%2Fwp%2Fv2%2Fcategories&post=5473"},{"taxonomy":"post_tag","embeddable":true,"href":"https:\/\/blog.correios.com.br\/acordocoletivo\/index.php?rest_route=%2Fwp%2Fv2%2Ftags&post=5473"}],"curies":[{"name":"wp","href":"https:\/\/api.w.org\/{rel}","templated":true}]}}